{"id":887,"date":"2020-11-15T13:28:04","date_gmt":"2020-11-15T17:28:04","guid":{"rendered":"https:\/\/tvoriental.com\/?p=887"},"modified":"2020-11-15T13:28:04","modified_gmt":"2020-11-15T17:28:04","slug":"acusan-a-director-de-escuela-en-bavaro-de-agredir-estudiante","status":"publish","type":"post","link":"https:\/\/puntacanatvrd.com\/web\/acusan-a-director-de-escuela-en-bavaro-de-agredir-estudiante\/","title":{"rendered":"VIDEO: Acusan a director de escuela en B\u00e1varo de agredir estudiante"},"content":{"rendered":"\n<p class=\"has-text-align-justify\"><strong>Ver\u00f3n-Punta Cana<\/strong>.- El director del liceo Francisco del Rosario S\u00e1nchez habr\u00eda golpeado en la cara a un estudiante que le reclamaba que le atendiera durante el proceso de inscripciones que se   desarrollaba este s\u00e1bado en ese centro educativo, ubicado en las proximidades del residencial Pueblo B\u00e1varo de aqu\u00ed.<\/p>\n\n\n\n<p class=\"has-text-align-justify\">De acuerdo a varios v\u00eddeos enviados a la redacci\u00f3n de este portal, se puede apreciar al estudiante en una actitud agresiva luego de haber sido ultrajado por el educador.<\/p>\n\n\n\n<figure class=\"wp-block-embed-youtube wp-block-embed is-type-video is-provider-youtube wp-embed-aspect-16-9 wp-has-aspect-ratio\"><div class=\"wp-block-embed__wrapper\">\n<iframe title=\"Reacci\u00f3n de estudiante luego de ser agredido pero director de escuela en B\u00e1varo\" width=\"1290\" height=\"726\" src=\"https:\/\/www.youtube.com\/embed\/hVQVL-IKM90?feature=oembed\" frameborder=\"0\" allow=\"accelerometer; autoplay; clipboard-write; encrypted-media; gyroscope; picture-in-picture; web-share\" referrerpolicy=\"strict-origin-when-cross-origin\" allowfullscreen><\/iframe>\n<\/div><\/figure>\n\n\n\n<p class=\"has-text-align-justify\">La supuesta v\u00edctima es agarrado por varias personas cuando intenta responder la agresi\u00f3n, mientras vociferaba varios improperios.<\/p>\n\n\n\n<p class=\"has-text-align-justify\">Padres y tutores testigos de los hechos acusaron al director del centro de la agresi\u00f3n.<\/p>\n\n\n\n<p class=\"has-text-align-justify\">Una patrulla de la Polic\u00eda Nacional se llev\u00f3 al estudiante esposado, en tanto que el alegado agresor se fue junto a ellos, mientras los presentes condenaban los hechos.<\/p>\n\n\n\n<p class=\"has-text-align-justify\">Este medio espera una informaci\u00f3n institucional de parte Ministerio de Educaci\u00f3n sobre los acontecimientos.<\/p>\n\n\n\n<figure class=\"wp-block-embed-youtube wp-block-embed is-type-video is-provider-youtube wp-embed-aspect-16-9 wp-has-aspect-ratio\"><div class=\"wp-block-embed__wrapper\">\n<iframe title=\"Polic\u00eda se lleva esposado a  estudiante agredido por profesor en B\u00e1varo\" width=\"1290\" height=\"726\" src=\"https:\/\/www.youtube.com\/embed\/dA5kY-nuIwQ?feature=oembed\" frameborder=\"0\" allow=\"accelerometer; autoplay; clipboard-write; encrypted-media; gyroscope; picture-in-picture; web-share\" referrerpolicy=\"strict-origin-when-cross-origin\" allowfullscreen><\/iframe>\n<\/div><\/figure>\n\n\n\n<p class=\"has-text-align-justify\"><br \/><\/p>\n","protected":false},"excerpt":{"rendered":"<p>Ver\u00f3n-Punta Cana.- El director del liceo Francisco del Rosario S\u00e1nchez habr\u00eda golpeado en la cara a un estudiante que le reclamaba que le atendiera durante el proceso de inscripciones que&hellip;<\/p>\n","protected":false},"author":1,"featured_media":0,"comment_status":"open","ping_status":"open","sticky":false,"template":"","format":"standard","meta":{"footnotes":""},"categories":[294],"tags":[286],"class_list":["post-887","post","type-post","status-publish","format-standard","hentry","category-veron-puntacana","tag-ministerio-de-educacion"],"_links":{"self":[{"href":"https:\/\/puntacanatvrd.com\/web\/wp-json\/wp\/v2\/posts\/887","targetHints":{"allow":["GET"]}}],"collection":[{"href":"https:\/\/puntacanatvrd.com\/web\/wp-json\/wp\/v2\/posts"}],"about":[{"href":"https:\/\/puntacanatvrd.com\/web\/wp-json\/wp\/v2\/types\/post"}],"author":[{"embeddable":true,"href":"https:\/\/puntacanatvrd.com\/web\/wp-json\/wp\/v2\/users\/1"}],"replies":[{"embeddable":true,"href":"https:\/\/puntacanatvrd.com\/web\/wp-json\/wp\/v2\/comments?post=887"}],"version-history":[{"count":0,"href":"https:\/\/puntacanatvrd.com\/web\/wp-json\/wp\/v2\/posts\/887\/revisions"}],"wp:attachment":[{"href":"https:\/\/puntacanatvrd.com\/web\/wp-json\/wp\/v2\/media?parent=887"}],"wp:term":[{"taxonomy":"category","embeddable":true,"href":"https:\/\/puntacanatvrd.com\/web\/wp-json\/wp\/v2\/categories?post=887"},{"taxonomy":"post_tag","embeddable":true,"href":"https:\/\/puntacanatvrd.com\/web\/wp-json\/wp\/v2\/tags?post=887"}],"curies":[{"name":"wp","href":"https:\/\/api.w.org\/{rel}","templated":true}]}}