{"id":854,"date":"2020-11-14T09:26:20","date_gmt":"2020-11-14T13:26:20","guid":{"rendered":"https:\/\/tvoriental.com\/?p=854"},"modified":"2020-11-14T09:26:20","modified_gmt":"2020-11-14T13:26:20","slug":"defensa-civil-informa-siguen-desaparecidos-pescadores-de-nisibon-y-boca-de-yuma","status":"publish","type":"post","link":"https:\/\/puntacanatvrd.com\/web\/defensa-civil-informa-siguen-desaparecidos-pescadores-de-nisibon-y-boca-de-yuma\/","title":{"rendered":"Defensa Civil informa siguen desaparecidos pescadores de Nisib\u00f3n y Boca de Yuma"},"content":{"rendered":"\n<p class=\"has-text-align-justify\"><strong>Hig\u00fcey<\/strong>.-. El director de la Defensa Civil en la provincia La Altagracia, Fernando Castillo, dijo que tras dos d\u00edas intensa b\u00fasqueda no ha podido encontrar los dos pescadores desaparecidos desde el jueves en las zonas de Nisib\u00f3n y Boca de Yuma, en la provincia La Altagracia.<\/p>\n\n\n\n<p class=\"has-text-align-justify\">Rafael Carrasco (Zuli), de unos 40 a\u00f1os de edad,\u00a0 se encontraba realizando labores de pesca junto a otra dos personas en el r\u00edo Maim\u00f3n, en el distrito municipal las Lagunas de Nisib\u00f3n, cuando fueron arrastrado por la corriente, pero solo dos de ellos lograron salir.<\/p>\n\n\n\n<p class=\"has-text-align-justify\">\u00d3scar Zorrilla, encargado de la Defensa Civil en Nisib\u00f3n\u00a0 inform\u00f3 que el hecho ocurri\u00f3 la noche del mi\u00e9rcoles momentos en que los pescadores se dispon\u00edan a cruzar la bah\u00eda de Maim\u00f3n de un lado a otro y el r\u00edo les viro la embarcaci\u00f3n.<\/p>\n\n\n\n<p class=\"has-text-align-justify\">Miembros y voluntarios de la Defensa Civil han buscado sin \u00e9xito durante dos d\u00edas consecutivo al pescador en toda la r\u00eda y en la playa Lavacana, sin ning\u00fan resultado.<\/p>\n\n\n\n<p class=\"has-text-align-justify\">Asimismo, en el distrito municipal Boca de Yuma han buscado sin suerte a Miguel Mercedes Arqu\u00edmedes, un pescador de esa localidad que desapareci\u00f3 en la zona conocida como Liborio.<\/p>\n\n\n\n<p class=\"has-text-align-justify\">A tres d\u00edas de la desaparici\u00f3n de los pescadores la posibilidad de que se encuentren con vida son m\u00ednimas.<\/p>\n","protected":false},"excerpt":{"rendered":"<p>Hig\u00fcey.-. El director de la Defensa Civil en la provincia La Altagracia, Fernando Castillo, dijo que tras dos d\u00edas intensa b\u00fasqueda no ha podido encontrar los dos pescadores desaparecidos desde&hellip;<\/p>\n","protected":false},"author":1,"featured_media":0,"comment_status":"open","ping_status":"open","sticky":false,"template":"","format":"standard","meta":{"footnotes":""},"categories":[306,295],"tags":[459,482,483],"class_list":["post-854","post","type-post","status-publish","format-standard","hentry","category-nisibon","category-san-rafael-del-yuma","tag-boca-de-yuma","tag-las-lagunas-de-nisibon","tag-ria-maimon"],"_links":{"self":[{"href":"https:\/\/puntacanatvrd.com\/web\/wp-json\/wp\/v2\/posts\/854","targetHints":{"allow":["GET"]}}],"collection":[{"href":"https:\/\/puntacanatvrd.com\/web\/wp-json\/wp\/v2\/posts"}],"about":[{"href":"https:\/\/puntacanatvrd.com\/web\/wp-json\/wp\/v2\/types\/post"}],"author":[{"embeddable":true,"href":"https:\/\/puntacanatvrd.com\/web\/wp-json\/wp\/v2\/users\/1"}],"replies":[{"embeddable":true,"href":"https:\/\/puntacanatvrd.com\/web\/wp-json\/wp\/v2\/comments?post=854"}],"version-history":[{"count":0,"href":"https:\/\/puntacanatvrd.com\/web\/wp-json\/wp\/v2\/posts\/854\/revisions"}],"wp:attachment":[{"href":"https:\/\/puntacanatvrd.com\/web\/wp-json\/wp\/v2\/media?parent=854"}],"wp:term":[{"taxonomy":"category","embeddable":true,"href":"https:\/\/puntacanatvrd.com\/web\/wp-json\/wp\/v2\/categories?post=854"},{"taxonomy":"post_tag","embeddable":true,"href":"https:\/\/puntacanatvrd.com\/web\/wp-json\/wp\/v2\/tags?post=854"}],"curies":[{"name":"wp","href":"https:\/\/api.w.org\/{rel}","templated":true}]}}