{"id":700,"date":"2020-11-09T19:55:08","date_gmt":"2020-11-09T23:55:08","guid":{"rendered":"https:\/\/tvoriental.com\/?p=700"},"modified":"2020-11-09T19:55:08","modified_gmt":"2020-11-09T23:55:08","slug":"crecida-de-los-rios-de-higuey-ponen-a-las-autoridades-en-expectativas","status":"publish","type":"post","link":"https:\/\/puntacanatvrd.com\/web\/crecida-de-los-rios-de-higuey-ponen-a-las-autoridades-en-expectativas\/","title":{"rendered":"Crecidas de los r\u00edos de Hig\u00fcey ponen en alerta a las autoridades"},"content":{"rendered":"\n<p class=\"has-text-align-justify\"><strong>Hig\u00fcey<\/strong>.-. El director de la Defensa Civil en la provincia La Altagracia, Fernando Castillo, inform\u00f3 que junto a la gobernadora Martina Pep\u00e9n recorren desde esta tarde las orillas de los r\u00edos Duey y Yuma, cu\u00e1les podr\u00edan desbordarse producto de las lluvias que han ca\u00eddo durante todo el d\u00eda.<\/p>\n\n\n\n<p class=\"has-text-align-justify\">Castillo explic\u00f3 que han estado en La Caoba y en La Florida, zonas con tradici\u00f3n de inundaciones.<\/p>\n\n\n\n<p class=\"has-text-align-justify\">Indic\u00f3 que andan acompa\u00f1ado con miembros de la Polic\u00eda Nacional. M\u00e1s  adelante  el dirigente comunitario Julio C\u00e9sar Cedano inform\u00f3 la integraci\u00f3n de personal y equipos del ayuntamiento municipal.<\/p>\n\n\n\n<p class=\"has-text-align-justify\">Diversos videos han sido enviado a este portal en donde se ven los r\u00edos Duey, Yuma, Quisibani y Anamuya con cantidades de aguas superior a su normalidad.<\/p>\n\n\n\n<p class=\"has-text-align-justify\">Todav\u00eda las autoridades no han informado si hay personas desplazadas de sus hogares producto de las lluvias que seg\u00fan inform\u00f3 Osiris de Le\u00f3n son producida por un disturbio que afecta casi todo el pa\u00eds.<\/p>\n\n\n\n<p class=\"has-text-align-justify\">Ante la falta de un sistema de drenaje de aguas pluviales las lluvias ca\u00eddas en esta ciudad tambi\u00e9n han inundado diversos sectores<\/p>\n","protected":false},"excerpt":{"rendered":"<p>Hig\u00fcey.-. El director de la Defensa Civil en la provincia La Altagracia, Fernando Castillo, inform\u00f3 que junto a la gobernadora Martina Pep\u00e9n recorren desde esta tarde las orillas de los&hellip;<\/p>\n","protected":false},"author":1,"featured_media":0,"comment_status":"open","ping_status":"open","sticky":false,"template":"","format":"standard","meta":{"footnotes":""},"categories":[282],"tags":[449],"class_list":["post-700","post","type-post","status-publish","format-standard","hentry","category-la-altagracia","tag-inundaciones-en-higuey"],"_links":{"self":[{"href":"https:\/\/puntacanatvrd.com\/web\/wp-json\/wp\/v2\/posts\/700","targetHints":{"allow":["GET"]}}],"collection":[{"href":"https:\/\/puntacanatvrd.com\/web\/wp-json\/wp\/v2\/posts"}],"about":[{"href":"https:\/\/puntacanatvrd.com\/web\/wp-json\/wp\/v2\/types\/post"}],"author":[{"embeddable":true,"href":"https:\/\/puntacanatvrd.com\/web\/wp-json\/wp\/v2\/users\/1"}],"replies":[{"embeddable":true,"href":"https:\/\/puntacanatvrd.com\/web\/wp-json\/wp\/v2\/comments?post=700"}],"version-history":[{"count":0,"href":"https:\/\/puntacanatvrd.com\/web\/wp-json\/wp\/v2\/posts\/700\/revisions"}],"wp:attachment":[{"href":"https:\/\/puntacanatvrd.com\/web\/wp-json\/wp\/v2\/media?parent=700"}],"wp:term":[{"taxonomy":"category","embeddable":true,"href":"https:\/\/puntacanatvrd.com\/web\/wp-json\/wp\/v2\/categories?post=700"},{"taxonomy":"post_tag","embeddable":true,"href":"https:\/\/puntacanatvrd.com\/web\/wp-json\/wp\/v2\/tags?post=700"}],"curies":[{"name":"wp","href":"https:\/\/api.w.org\/{rel}","templated":true}]}}