{"id":599,"date":"2020-11-05T17:41:49","date_gmt":"2020-11-05T21:41:49","guid":{"rendered":"https:\/\/tvoriental.com\/?p=599"},"modified":"2020-11-05T17:41:49","modified_gmt":"2020-11-05T21:41:49","slug":"el-idac-destituye-a-los-dos-funcionarios-que-autorizaron-el-aeropuerto-de-bavaro","status":"publish","type":"post","link":"https:\/\/puntacanatvrd.com\/web\/el-idac-destituye-a-los-dos-funcionarios-que-autorizaron-el-aeropuerto-de-bavaro\/","title":{"rendered":"El IDAC destituye funcionarios que autorizaron aeropuerto de B\u00e1varo"},"content":{"rendered":"\n<p class=\"has-text-align-justify\">El Instituto Dominicano de Aviaci\u00f3n Civil (IDAC) relev\u00f3 de sus puestos a dos funcionarios que autorizaron el proyecto para la construcci\u00f3n del aeropuerto de B\u00e1varo, cuyas obras fueron suspendidas provisionalmente la semana pasada.<\/p>\n\n\n\n<p class=\"has-text-align-justify\">El director general del IDAC, Rom\u00e1n Caama\u00f1o V\u00e9lez, desvincul\u00f3 de las posiciones de director de Navegaci\u00f3n A\u00e9rea al controlador a\u00e9reo Bol\u00edvar Le\u00f3n Paulino, y de director de Vigilancia de la Seguridad Operacional al controlador a\u00e9reo Joh\u00e1n Estrada Pelletier, quienes quedaron sin funciones por el momento, se\u00f1ala una nota de prensa.<\/p>\n\n\n\n<p class=\"has-text-align-justify\">Recientemente, la Corporaci\u00f3n Aeroportuaria del Este (CAE) llev\u00f3 ante la Procuradur\u00eda Especializada de Persecuci\u00f3n de la Corrupci\u00f3n Administrativa (Pepca), por posibles visos de corrupci\u00f3n, a siete funcionarios entre ellos a los destituidos Le\u00f3n Paulino y Estrada Pelletier, que dieron la no objeci\u00f3n para facilitar la ejecuci\u00f3n del aeropuerto de B\u00e1varo.<\/p>\n\n\n\n<p class=\"has-text-align-justify\">Los sustituyen la controladora a\u00e9rea Claudia Beatriz Roa Ochoa, con 24 a\u00f1os de experiencia en el sector aeron\u00e1utico, quien se convierte en la primera mujer que asume la responsabilidad de la Direcci\u00f3n de Navegaci\u00f3n A\u00e9rea y el controlador a\u00e9reo Gender Dami\u00e1n Castro Pared, que con m\u00e1s de dos d\u00e9cadas de experiencia en el sector es el nuevo incumbente de Seguridad Operacional.<\/p>\n\n\n\n<p><img decoding=\"async\" class=\"wp-image-433\" style=\"width: 300px;\" src=\"https:\/\/tvoriental.com\/wp-content\/uploads\/2020\/10\/21-07-15-01.jpg\" alt=\"\"><\/p>\n\n\n\n<p class=\"has-text-align-justify\">Seg\u00fan la actual directiva del IDAC, el Aeropuerto Internacional de B\u00e1varo (IBA), que constru\u00eda un consorcio liderado por el Grupo Abrisa con una inversi\u00f3n inicial de unos 200 millones de d\u00f3lares, supondr\u00eda la competencia del de Punta Cana, por donde llegan la mayor\u00eda de los turistas que visita el pa\u00eds.<\/p>\n\n\n\n<p class=\"has-text-align-justify\">La propia entidad afirma que la autorizaci\u00f3n para la construcci\u00f3n de la terminal emitida el pasado 11 de agosto, cinco d\u00edas antes de la toma de posesi\u00f3n del Gobierno de Luis Abinader, incurri\u00f3 en \u201cviolaci\u00f3n de los principios, normas y procedimientos establecidos en el ordenamiento jur\u00eddico vigente lo cual justifica su nulidad\u201d.<\/p>\n\n\n\n<p class=\"has-text-align-justify\">Entre sus argumentos, el IDAC se\u00f1ala que es deber del Estado \u201cque las infraestructuras aeroportuarias sean instaladas sin poner en riesgo la seguridad aeron\u00e1utica del pa\u00eds y la operaci\u00f3n de otras infraestructuras existentes, cuidando as\u00ed de la seguridad ciudadana\u201d.<\/p>\n\n\n\n<p class=\"has-text-align-justify\">El IDAC tambi\u00e9n advierte de \u201cirregularidades\u201d en la concesi\u00f3n del permiso de construcci\u00f3n, como la \u201cinexistencia\u201d de los documentos corporativos que avalan la constituci\u00f3n o incorporaci\u00f3n de la empresa, y que contiene informaci\u00f3n sobre sus socios, gerentes o directores.<\/p>\n\n\n\n<p class=\"has-text-align-justify\">Las anteriores autoridades del Instituto Dominicano de Aviaci\u00f3n Civil aprobaron su construcci\u00f3n, tras considerar que \u201cresulta, en principio, viable y factible t\u00e9cnicamente\u201d.<\/p>\n\n\n\n<p class=\"has-text-align-justify\">A la construcci\u00f3n del aeropuerto se han opuesto grupos ambientalistas que alegan resultar\u00eda en una amenaza para los acu\u00edferos de la zona y, adem\u00e1s, frustrar\u00eda la construcci\u00f3n del acueducto proyectado para detener la salinizaci\u00f3n de las aguas subterr\u00e1neas que abastecen los hoteles y la comunidad circundante.<\/p>\n","protected":false},"excerpt":{"rendered":"<p>El Instituto Dominicano de Aviaci\u00f3n Civil (IDAC) relev\u00f3 de sus puestos a dos funcionarios que autorizaron el proyecto para la construcci\u00f3n del aeropuerto de B\u00e1varo, cuyas obras fueron suspendidas provisionalmente&hellip;<\/p>\n","protected":false},"author":1,"featured_media":0,"comment_status":"open","ping_status":"open","sticky":false,"template":"","format":"standard","meta":{"footnotes":""},"categories":[282,293],"tags":[427,398],"class_list":["post-599","post","type-post","status-publish","format-standard","hentry","category-la-altagracia","category-turismo","tag-aeropuerto-internacional-de-bavaro","tag-instituto-de-aviacion-civil-idac"],"_links":{"self":[{"href":"https:\/\/puntacanatvrd.com\/web\/wp-json\/wp\/v2\/posts\/599","targetHints":{"allow":["GET"]}}],"collection":[{"href":"https:\/\/puntacanatvrd.com\/web\/wp-json\/wp\/v2\/posts"}],"about":[{"href":"https:\/\/puntacanatvrd.com\/web\/wp-json\/wp\/v2\/types\/post"}],"author":[{"embeddable":true,"href":"https:\/\/puntacanatvrd.com\/web\/wp-json\/wp\/v2\/users\/1"}],"replies":[{"embeddable":true,"href":"https:\/\/puntacanatvrd.com\/web\/wp-json\/wp\/v2\/comments?post=599"}],"version-history":[{"count":0,"href":"https:\/\/puntacanatvrd.com\/web\/wp-json\/wp\/v2\/posts\/599\/revisions"}],"wp:attachment":[{"href":"https:\/\/puntacanatvrd.com\/web\/wp-json\/wp\/v2\/media?parent=599"}],"wp:term":[{"taxonomy":"category","embeddable":true,"href":"https:\/\/puntacanatvrd.com\/web\/wp-json\/wp\/v2\/categories?post=599"},{"taxonomy":"post_tag","embeddable":true,"href":"https:\/\/puntacanatvrd.com\/web\/wp-json\/wp\/v2\/tags?post=599"}],"curies":[{"name":"wp","href":"https:\/\/api.w.org\/{rel}","templated":true}]}}