{"id":506,"date":"2020-11-02T17:27:48","date_gmt":"2020-11-02T21:27:48","guid":{"rendered":"https:\/\/tvoriental.com\/?p=506"},"modified":"2020-11-02T17:27:48","modified_gmt":"2020-11-02T21:27:48","slug":"crean-comite-para-cluster-ecoturistico-de-la-provincia-la-altagracia","status":"publish","type":"post","link":"https:\/\/puntacanatvrd.com\/web\/crean-comite-para-cluster-ecoturistico-de-la-provincia-la-altagracia\/","title":{"rendered":"Crean comit\u00e9 para cl\u00faster ecotur\u00edstico de la provincia La Altagracia"},"content":{"rendered":"\n<p class=\"has-text-align-justify\">Durante un evento realizado en los salones de Agani, en la ciudad de Salvale\u00f3n de Hig\u00fcey, fue conformado el Comit\u00e9 Gestor del Cl\u00faster Ecotur\u00edstico Altagraciano para promover el desarrollo e integraci\u00f3n del turismo en la provincia La Altagracia, y que tendr\u00e1 a su cargo promover el principal polo tur\u00edstico del pa\u00eds.<\/p>\n\n\n\n<p class=\"has-text-align-justify\">La iniciativa fue tomada por Hecmilio Galv\u00e1n, vicepresidente ejecutivo de la Confederaci\u00f3n Nacional de Productores Agropecuarios (Confenagro), quien presidi\u00f3 la actividad en el marco de la promoci\u00f3n de la gran alianza del Turismo con la Agricultura en Rep\u00fablica Dominicana y que cont\u00f3 con el respaldo del senador de la provincia La Altagracia, Virgilio Cedano.<\/p>\n\n\n\n<p class=\"has-text-align-justify\">El naciente Cl\u00faster tendr\u00e1 como meta integrar al desarrollo tur\u00edstico a los municipios de Hig\u00fcey, San Rafael del Yuma y a los distritos municipales de Ver\u00f3n, Lagunas de Nisibon, Bayahibe, La Otra Banda y Boca de Yuma, los cuales tienen grandes atractivos que ser\u00e1n potenciados.<\/p>\n\n\n\n<p class=\"has-text-align-justify\">El economista Hecmilio Galv\u00e1n, promotor del cl\u00faster, tom\u00f3 juramento de los nuevos integrantes de la organizaci\u00f3n tur\u00edstica a quienes exhort\u00f3 trabajar por el turismo en la regi\u00f3n del Este y a promover la Marca Altagraciana para aprovechar la llegada del 70% de los visitantes del pa\u00eds que entran por Punta Cana.<\/p>\n\n\n\n<p class=\"has-text-align-justify\">El comit\u00e9 gestor del Cl\u00faster Ecotur\u00edstico Altagraciano lo integran Manuel Eusebio Castillo, presidente de Agani y empresario agropecuario; Juan de Dios Torres, mercadologo del \u00e1rea tur\u00edstica por Bayahibe; Alexandra Ram\u00edrez por los touroperadores; Andrea Guerrero, periodista; Enrique Soler, presidente de la Asociaci\u00f3n de Gu\u00edas Tur\u00edsticos; Abel Ozuna del sector servicios; el empresario F\u00e9lix Manuel Jim\u00e9nez, y las especialistas tur\u00edsticas Rossy Guerrero y Mildred Mej\u00eda, entre otros.<\/p>\n\n\n\n<p class=\"has-text-align-justify\">Tambi\u00e9n, participaron el diputado Pireo Solim\u00e1n, el dirigente ganadero Rafael Pion; el presidente local de Adompretur, Pascual Santill\u00e1n; la periodista Masiel Pe\u00f1a, ogada y presidente del Club de Leones Elizabeth Rijo Rijo, entre otros.<\/p>\n","protected":false},"excerpt":{"rendered":"<p>Durante un evento realizado en los salones de Agani, en la ciudad de Salvale\u00f3n de Hig\u00fcey, fue conformado el Comit\u00e9 Gestor del Cl\u00faster Ecotur\u00edstico Altagraciano para promover el desarrollo e&hellip;<\/p>\n","protected":false},"author":1,"featured_media":0,"comment_status":"open","ping_status":"open","sticky":false,"template":"","format":"standard","meta":{"footnotes":""},"categories":[282,293],"tags":[413,296],"class_list":["post-506","post","type-post","status-publish","format-standard","hentry","category-la-altagracia","category-turismo","tag-cluster-turistico-de-la-provincia-la-altagraciana","tag-san-rafael-del-yuma"],"_links":{"self":[{"href":"https:\/\/puntacanatvrd.com\/web\/wp-json\/wp\/v2\/posts\/506","targetHints":{"allow":["GET"]}}],"collection":[{"href":"https:\/\/puntacanatvrd.com\/web\/wp-json\/wp\/v2\/posts"}],"about":[{"href":"https:\/\/puntacanatvrd.com\/web\/wp-json\/wp\/v2\/types\/post"}],"author":[{"embeddable":true,"href":"https:\/\/puntacanatvrd.com\/web\/wp-json\/wp\/v2\/users\/1"}],"replies":[{"embeddable":true,"href":"https:\/\/puntacanatvrd.com\/web\/wp-json\/wp\/v2\/comments?post=506"}],"version-history":[{"count":0,"href":"https:\/\/puntacanatvrd.com\/web\/wp-json\/wp\/v2\/posts\/506\/revisions"}],"wp:attachment":[{"href":"https:\/\/puntacanatvrd.com\/web\/wp-json\/wp\/v2\/media?parent=506"}],"wp:term":[{"taxonomy":"category","embeddable":true,"href":"https:\/\/puntacanatvrd.com\/web\/wp-json\/wp\/v2\/categories?post=506"},{"taxonomy":"post_tag","embeddable":true,"href":"https:\/\/puntacanatvrd.com\/web\/wp-json\/wp\/v2\/tags?post=506"}],"curies":[{"name":"wp","href":"https:\/\/api.w.org\/{rel}","templated":true}]}}