{"id":426,"date":"2020-10-28T20:29:38","date_gmt":"2020-10-29T00:29:38","guid":{"rendered":"http:\/\/tvoriental.com\/?p=426"},"modified":"2020-10-28T20:29:38","modified_gmt":"2020-10-29T00:29:38","slug":"matan-lavador-de-carros-en-veron","status":"publish","type":"post","link":"https:\/\/puntacanatvrd.com\/web\/matan-lavador-de-carros-en-veron\/","title":{"rendered":"Matan lavador de carros en Veron"},"content":{"rendered":"\n<p class=\"has-text-align-justify\">Un lavador de carros muri\u00f3 est\u00e1 noche de varias pu\u00f1aladas que le propinaron personas hasta el momento no identificadas, en el sector Cristina del distrito municipal Ver\u00f3n-Punta Cana, en La Altagracia.<\/p>\n\n\n\n<p class=\"has-text-align-justify\">Seg\u00fan informaci\u00f3n suministrada por el reportero An\u00edbal del Rosario, la v\u00edctima es un joven identificado hasta el momento solo como Maikel.<\/p>\n\n\n\n<p class=\"has-text-align-justify\">El occiso trabajaba como lavador de carros en el sector Bello Amanece de Ver\u00f3n.<\/p>\n\n\n\n<p class=\"has-text-align-justify\">El cad\u00e1ver se encuentra en la policl\u00ednica de Ver\u00f3n, en donde esperan al m\u00e9dico legista para las experticias de ley.<\/p>\n\n\n\n<p class=\"has-text-align-justify\">Testigos del hecho explicaron que Maiker fue atacado por dos personas a bordo de una motocicleta, pero que no lo lograron identificar, porque llevaban cascos protectores puestos.<br \/><\/p>\n","protected":false},"excerpt":{"rendered":"<p>Un lavador de carros muri\u00f3 est\u00e1 noche de varias pu\u00f1aladas que le propinaron personas hasta el momento no identificadas, en el sector Cristina del distrito municipal Ver\u00f3n-Punta Cana, en La&hellip;<\/p>\n","protected":false},"author":1,"featured_media":0,"comment_status":"open","ping_status":"open","sticky":false,"template":"","format":"standard","meta":{"footnotes":""},"categories":[294],"tags":[357,358],"class_list":["post-426","post","type-post","status-publish","format-standard","hentry","category-veron-puntacana","tag-policia-nacional","tag-veron-punta-cana"],"_links":{"self":[{"href":"https:\/\/puntacanatvrd.com\/web\/wp-json\/wp\/v2\/posts\/426","targetHints":{"allow":["GET"]}}],"collection":[{"href":"https:\/\/puntacanatvrd.com\/web\/wp-json\/wp\/v2\/posts"}],"about":[{"href":"https:\/\/puntacanatvrd.com\/web\/wp-json\/wp\/v2\/types\/post"}],"author":[{"embeddable":true,"href":"https:\/\/puntacanatvrd.com\/web\/wp-json\/wp\/v2\/users\/1"}],"replies":[{"embeddable":true,"href":"https:\/\/puntacanatvrd.com\/web\/wp-json\/wp\/v2\/comments?post=426"}],"version-history":[{"count":0,"href":"https:\/\/puntacanatvrd.com\/web\/wp-json\/wp\/v2\/posts\/426\/revisions"}],"wp:attachment":[{"href":"https:\/\/puntacanatvrd.com\/web\/wp-json\/wp\/v2\/media?parent=426"}],"wp:term":[{"taxonomy":"category","embeddable":true,"href":"https:\/\/puntacanatvrd.com\/web\/wp-json\/wp\/v2\/categories?post=426"},{"taxonomy":"post_tag","embeddable":true,"href":"https:\/\/puntacanatvrd.com\/web\/wp-json\/wp\/v2\/tags?post=426"}],"curies":[{"name":"wp","href":"https:\/\/api.w.org\/{rel}","templated":true}]}}