{"id":403,"date":"2020-10-27T19:13:46","date_gmt":"2020-10-27T23:13:46","guid":{"rendered":"http:\/\/tvoriental.com\/?p=403"},"modified":"2020-10-27T19:13:46","modified_gmt":"2020-10-27T23:13:46","slug":"distribuyen-87-mil-cuadernillos-para-el-nuev-ano-escolar-en-la-altagracia","status":"publish","type":"post","link":"https:\/\/puntacanatvrd.com\/web\/distribuyen-87-mil-cuadernillos-para-el-nuev-ano-escolar-en-la-altagracia\/","title":{"rendered":"Distribuyen 87 mil cuadernillos para a\u00f1o escolar en La Altagraciana y El Seibo"},"content":{"rendered":"\n<p class=\"has-text-align-justify\">La Regional 12 del Ministerio de Educaci\u00f3n distribuy\u00f3 este lunes 87 mil cuadernillos\u00a0 que ser\u00e1n utilizados por los estudiantes en el a\u00f1o escolar 2020\u20132021 \u201cEducaci\u00f3n para Todos Preservando la Salud\u201d en las provincias La Altagracia y El Seibo.<\/p>\n\n\n\n<p class=\"has-text-align-justify\">El director regional, Esteban Castillo Garrido, entrego de&nbsp; inmediato a los directores distritales, qui\u00e9nes a su vez lo llevar\u00e1n a los directores de los centros escolares.<\/p>\n\n\n\n<p class=\"has-text-align-justify\">Cada escuela en La Altagracia recibir\u00e1 la cantidad correspondiente a cada nivel y grado acad\u00e9mico, seg\u00fan la matr\u00edcula de cada centro, para que sean entregados a los padres de los estudiantes utilizando un protocolo que requerir\u00e1 mascarilla obligatoria y distanciamiento f\u00edsico para evitar el contagio del COVID-19.&nbsp;<\/p>\n\n\n\n<p><img decoding=\"async\" class=\"wp-image-406\" style=\"width: 300px;\" src=\"https:\/\/tvoriental.com\/wp-content\/uploads\/2020\/10\/IMG-20201027-WA0258-1.jpg\" alt=\"\"><\/p>\n\n\n\n<p class=\"has-text-align-justify\">Castillo Garrido explic\u00f3 que el distrito escolar 12-01 de Hig\u00fcey recibi\u00f3&nbsp; 87 mil 300 unidades, el 12-02 de San Rafael del Yuma 8 mil, el distrito 12-03 de El Seibo recibi\u00f3 14 mil 200 unidades y el 12-04 de Miches 5 mil 500 unidades, en esta primera entrega.<\/p>\n\n\n\n<p class=\"has-text-align-justify\">Mientras que el director distrito 12-01 M\u00e1rtires&nbsp; Bastardo Cede\u00f1o, explic\u00f3 que los materiales son el soporte acad\u00e9mico de la serie educativa \u201cAprendemos en Casa\u201d, que contiene cuatro cuadernillos con un plan mensual de actividades que gira alrededor de un tema de inter\u00e9s.<\/p>\n","protected":false},"excerpt":{"rendered":"<p>La Regional 12 del Ministerio de Educaci\u00f3n distribuy\u00f3 este lunes 87 mil cuadernillos\u00a0 que ser\u00e1n utilizados por los estudiantes en el a\u00f1o escolar 2020\u20132021 \u201cEducaci\u00f3n para Todos Preservando la Salud\u201d&hellip;<\/p>\n","protected":false},"author":1,"featured_media":0,"comment_status":"open","ping_status":"open","sticky":false,"template":"","format":"standard","meta":{"footnotes":""},"categories":[362],"tags":[393,284],"class_list":["post-403","post","type-post","status-publish","format-standard","hentry","category-home","tag-distrito-escolar-12-01","tag-esteban-castillo-garrido"],"_links":{"self":[{"href":"https:\/\/puntacanatvrd.com\/web\/wp-json\/wp\/v2\/posts\/403","targetHints":{"allow":["GET"]}}],"collection":[{"href":"https:\/\/puntacanatvrd.com\/web\/wp-json\/wp\/v2\/posts"}],"about":[{"href":"https:\/\/puntacanatvrd.com\/web\/wp-json\/wp\/v2\/types\/post"}],"author":[{"embeddable":true,"href":"https:\/\/puntacanatvrd.com\/web\/wp-json\/wp\/v2\/users\/1"}],"replies":[{"embeddable":true,"href":"https:\/\/puntacanatvrd.com\/web\/wp-json\/wp\/v2\/comments?post=403"}],"version-history":[{"count":0,"href":"https:\/\/puntacanatvrd.com\/web\/wp-json\/wp\/v2\/posts\/403\/revisions"}],"wp:attachment":[{"href":"https:\/\/puntacanatvrd.com\/web\/wp-json\/wp\/v2\/media?parent=403"}],"wp:term":[{"taxonomy":"category","embeddable":true,"href":"https:\/\/puntacanatvrd.com\/web\/wp-json\/wp\/v2\/categories?post=403"},{"taxonomy":"post_tag","embeddable":true,"href":"https:\/\/puntacanatvrd.com\/web\/wp-json\/wp\/v2\/tags?post=403"}],"curies":[{"name":"wp","href":"https:\/\/api.w.org\/{rel}","templated":true}]}}