{"id":380,"date":"2020-10-26T16:04:13","date_gmt":"2020-10-26T20:04:13","guid":{"rendered":"http:\/\/tvoriental.com\/?p=380"},"modified":"2020-10-26T16:04:13","modified_gmt":"2020-10-26T20:04:13","slug":"policia-apresa-96-personas-por-no-usar-mascarilla-en-veron-punta-cana","status":"publish","type":"post","link":"https:\/\/puntacanatvrd.com\/web\/policia-apresa-96-personas-por-no-usar-mascarilla-en-veron-punta-cana\/","title":{"rendered":"Polic\u00eda apresa 96 personas por no usar mascarilla en Ver\u00f3n-Punta Cana"},"content":{"rendered":"\n<p class=\"has-text-align-justify\">La Polic\u00eda Nacional inform\u00f3 la detenci\u00f3n de 128 personas la noche de este domingo en operativos realizados en diversos sectores del distrito municipal Ver\u00f3n-Punta.<\/p>\n\n\n\n<p class=\"has-text-align-justify\">La entidad explic\u00f3 que del total de apresados, 96 fueron arrestados por no usar mascarilla y 32 por violar el toque de queda dispuesto por las autoridades, como medida para evitar la propagaci\u00f3n del coronavirus COVID 19.<\/p>\n\n\n\n<p class=\"has-text-align-justify\">Mediante nota de prensa la Polic\u00eda detall\u00f3 que fueron requisados 25 negocios y que incautaron bocinas, mesas y sillas.<\/p>\n\n\n\n<p class=\"has-text-align-justify\">Asimismo, fueron retenidos para investigaci\u00f3n 6 carros y 28 motocicletas.<\/p>\n\n\n\n<p><img decoding=\"async\" class=\"wp-image-382\" style=\"width: 300px;\" src=\"https:\/\/tvoriental.com\/wp-content\/uploads\/2020\/10\/IMG_20201026_160240-1.jpg\" alt=\"\"><\/p>\n\n\n\n<p class=\"has-text-align-justify\">La Polic\u00eda Nacional manifest\u00f3 que esas acciones se tomaron en los sectores Cristinita, Barrio Nuevo, Villa La Fe, Lotificaci\u00f3n Ver\u00f3n, Cabeza de Todo, El Hoyo de Friusa, entre otros del distrito municipal Ver\u00f3n-Punta, en la provincia La Altagracia.<br \/><\/p>\n","protected":false},"excerpt":{"rendered":"<p>La Polic\u00eda Nacional inform\u00f3 la detenci\u00f3n de 128 personas la noche de este domingo en operativos realizados en diversos sectores del distrito municipal Ver\u00f3n-Punta. La entidad explic\u00f3 que del total&hellip;<\/p>\n","protected":false},"author":1,"featured_media":0,"comment_status":"open","ping_status":"open","sticky":false,"template":"","format":"standard","meta":{"footnotes":""},"categories":[294],"tags":[298,357,358],"class_list":["post-380","post","type-post","status-publish","format-standard","hentry","category-veron-puntacana","tag-coronavirus-covid-19","tag-policia-nacional","tag-veron-punta-cana"],"_links":{"self":[{"href":"https:\/\/puntacanatvrd.com\/web\/wp-json\/wp\/v2\/posts\/380","targetHints":{"allow":["GET"]}}],"collection":[{"href":"https:\/\/puntacanatvrd.com\/web\/wp-json\/wp\/v2\/posts"}],"about":[{"href":"https:\/\/puntacanatvrd.com\/web\/wp-json\/wp\/v2\/types\/post"}],"author":[{"embeddable":true,"href":"https:\/\/puntacanatvrd.com\/web\/wp-json\/wp\/v2\/users\/1"}],"replies":[{"embeddable":true,"href":"https:\/\/puntacanatvrd.com\/web\/wp-json\/wp\/v2\/comments?post=380"}],"version-history":[{"count":0,"href":"https:\/\/puntacanatvrd.com\/web\/wp-json\/wp\/v2\/posts\/380\/revisions"}],"wp:attachment":[{"href":"https:\/\/puntacanatvrd.com\/web\/wp-json\/wp\/v2\/media?parent=380"}],"wp:term":[{"taxonomy":"category","embeddable":true,"href":"https:\/\/puntacanatvrd.com\/web\/wp-json\/wp\/v2\/categories?post=380"},{"taxonomy":"post_tag","embeddable":true,"href":"https:\/\/puntacanatvrd.com\/web\/wp-json\/wp\/v2\/tags?post=380"}],"curies":[{"name":"wp","href":"https:\/\/api.w.org\/{rel}","templated":true}]}}