{"id":35717,"date":"2026-09-05T14:20:08","date_gmt":"2026-09-05T18:20:08","guid":{"rendered":"https:\/\/puntacanatvrd.com\/web\/?p=35717"},"modified":"2026-09-05T15:35:22","modified_gmt":"2026-09-05T19:35:22","slug":"44-anos-despues-republica-dominicana-vuelve-a-tener-una-miss-mundo","status":"publish","type":"post","link":"https:\/\/puntacanatvrd.com\/web\/44-anos-despues-republica-dominicana-vuelve-a-tener-una-miss-mundo\/","title":{"rendered":"44 a\u00f1os despu\u00e9s, Rep\u00fablica Dominicana vuelve a tener una Miss Mundo"},"content":{"rendered":"\n<p class=\"wp-block-paragraph\"><strong><em>Joheirry Mola, oriunda de Santo Domingo, conquista la corona en Vietnam y suma un nuevo cap\u00edtulo al legado que inici\u00f3 Mariasela \u00c1lvarez en 1982.<\/em><\/strong><\/p>\n\n\n\n<p class=\"wp-block-paragraph\"><strong>SANTO DOMINGO.\u2014<\/strong> Rep\u00fablica Dominicana vuelve a celebrar una corona de Miss Mundo. Seg\u00fan la publicaci\u00f3n compartida sobre el resultado, Joheirry Mola Dom\u00ednguez fue coronada este s\u00e1bado 5 de septiembre de 2026 en Nha Trang, Vietnam, un triunfo que la convertir\u00eda en la segunda dominicana en alcanzar el t\u00edtulo internacional.<\/p>\n\n\n\n<p class=\"wp-block-paragraph\">La noticia conecta dos generaciones de la representaci\u00f3n dominicana en los concursos de belleza. El 18 de noviembre de 1982, Mariasela \u00c1lvarez gan\u00f3 Miss Mundo en el Royal Albert Hall de Londres, en una edici\u00f3n con 68 participantes. Su coronaci\u00f3n marc\u00f3 la primera gran victoria internacional de belleza para el pa\u00eds, seg\u00fan el archivo hist\u00f3rico de la organizaci\u00f3n. <\/p>\n\n\n\n<p class=\"wp-block-paragraph\">Entre aquella noche en Londres y la edici\u00f3n de Vietnam transcurren casi 44 a\u00f1os. El antecedente de \u00c1lvarez da una dimensi\u00f3n hist\u00f3rica al resultado atribuido a Mola: una segunda corona mundial para Rep\u00fablica Dominicana y la continuidad de un legado que comenz\u00f3 en 1982.<\/p>\n\n\n\n<figure class=\"wp-block-image size-large\"><img fetchpriority=\"high\" decoding=\"async\" width=\"1024\" height=\"803\" src=\"https:\/\/puntacanatvrd.com\/web\/wp-content\/uploads\/2026\/09\/image-1-1024x803.png\" alt=\"\" class=\"wp-image-35720\" srcset=\"https:\/\/puntacanatvrd.com\/web\/wp-content\/uploads\/2026\/09\/image-1-1024x803.png 1024w, https:\/\/puntacanatvrd.com\/web\/wp-content\/uploads\/2026\/09\/image-1-300x235.png 300w, https:\/\/puntacanatvrd.com\/web\/wp-content\/uploads\/2026\/09\/image-1-370x290.png 370w, https:\/\/puntacanatvrd.com\/web\/wp-content\/uploads\/2026\/09\/image-1-767x602.png 767w, https:\/\/puntacanatvrd.com\/web\/wp-content\/uploads\/2026\/09\/image-1-409x321.png 409w, https:\/\/puntacanatvrd.com\/web\/wp-content\/uploads\/2026\/09\/image-1-840x659.png 840w, https:\/\/puntacanatvrd.com\/web\/wp-content\/uploads\/2026\/09\/image-1-599x470.png 599w, https:\/\/puntacanatvrd.com\/web\/wp-content\/uploads\/2026\/09\/image-1.png 1416w\" sizes=\"(max-width: 1024px) 100vw, 1024px\" \/><\/figure>\n\n\n\n<p class=\"wp-block-paragraph\">Oriunda de Santo Domingo, Joheirry Mola es modelo profesional, docente y graduada de Administraci\u00f3n de Empresas de la Universidad Iberoamericana, UNIBE. Obtuvo el t\u00edtulo de Miss Mundo Dominicana 2025 representando al Distrito Nacional, durante una gala celebrada en el Centro de Convenciones Barcel\u00f3 Punta Cana, donde recibi\u00f3 la corona de Mayra Delgado. <\/p>\n\n\n\n<p class=\"wp-block-paragraph\">Su trayectoria internacional registr\u00f3 un avance concreto antes de la final: gan\u00f3 el reto Top Model de las Am\u00e9ricas y el Caribe y asegur\u00f3 su clasificaci\u00f3n al Top 40. La organizaci\u00f3n confirm\u00f3 ese resultado junto con las victorias continentales de Nigeria, Vietnam y Francia, durante una competencia celebrada en el teatro \u0110\u00f3 de Nha Trang. <\/p>\n\n\n\n<p class=\"wp-block-paragraph\">Ese triunfo en modelaje fue decisivo para garantizar su presencia entre las cuartofinalistas. Sin embargo, los resultados preliminares no permiten establecer qu\u00e9 factor habr\u00eda definido la elecci\u00f3n de la corona mundial. Para atribuir el triunfo final a una respuesta, al proyecto social o a la evaluaci\u00f3n de pasarela, hace falta contar con la informaci\u00f3n correspondiente a la gala.<\/p>\n\n\n\n<p class=\"wp-block-paragraph\">Fuera del escenario, Mola impulsa \u201cVoices of Tomorrow\u201d, una iniciativa orientada a fortalecer la confianza y ampliar las oportunidades de ni\u00f1os y j\u00f3venes. La organizaci\u00f3n de Miss Mundo describe el proyecto como una propuesta que busca ofrecer herramientas para la inclusi\u00f3n y el desarrollo personal, vinculada con su trabajo como educadora. <\/p>\n\n\n\n<p class=\"wp-block-paragraph\">La historia de la representante dominicana tambi\u00e9n tiene un v\u00ednculo con Punta Cana: all\u00ed conquist\u00f3 el t\u00edtulo nacional que abri\u00f3 el camino hacia Vietnam. La confirmaci\u00f3n de su coronaci\u00f3n mundial completar\u00eda ese recorrido y unir\u00eda su nombre al de Mariasela \u00c1lvarez en el registro de las dominicanas que han ganado Miss Mundo.<\/p>\n","protected":false},"excerpt":{"rendered":"<p>Joheirry Mola, oriunda de Santo Domingo, conquista la corona en Vietnam y suma un nuevo cap\u00edtulo al legado que inici\u00f3 Mariasela \u00c1lvarez en 1982. SANTO DOMINGO.\u2014 Rep\u00fablica Dominicana vuelve a&hellip;<\/p>\n","protected":false},"author":4,"featured_media":35722,"comment_status":"open","ping_status":"open","sticky":false,"template":"","format":"standard","meta":{"footnotes":""},"categories":[311,226,362,222,279],"tags":[],"class_list":["post-35717","post","type-post","status-publish","format-standard","has-post-thumbnail","hentry","category-entretenimiento","category-lifestyle","category-home","category-shows","category-tv"],"_links":{"self":[{"href":"https:\/\/puntacanatvrd.com\/web\/wp-json\/wp\/v2\/posts\/35717","targetHints":{"allow":["GET"]}}],"collection":[{"href":"https:\/\/puntacanatvrd.com\/web\/wp-json\/wp\/v2\/posts"}],"about":[{"href":"https:\/\/puntacanatvrd.com\/web\/wp-json\/wp\/v2\/types\/post"}],"author":[{"embeddable":true,"href":"https:\/\/puntacanatvrd.com\/web\/wp-json\/wp\/v2\/users\/4"}],"replies":[{"embeddable":true,"href":"https:\/\/puntacanatvrd.com\/web\/wp-json\/wp\/v2\/comments?post=35717"}],"version-history":[{"count":2,"href":"https:\/\/puntacanatvrd.com\/web\/wp-json\/wp\/v2\/posts\/35717\/revisions"}],"predecessor-version":[{"id":35723,"href":"https:\/\/puntacanatvrd.com\/web\/wp-json\/wp\/v2\/posts\/35717\/revisions\/35723"}],"wp:featuredmedia":[{"embeddable":true,"href":"https:\/\/puntacanatvrd.com\/web\/wp-json\/wp\/v2\/media\/35722"}],"wp:attachment":[{"href":"https:\/\/puntacanatvrd.com\/web\/wp-json\/wp\/v2\/media?parent=35717"}],"wp:term":[{"taxonomy":"category","embeddable":true,"href":"https:\/\/puntacanatvrd.com\/web\/wp-json\/wp\/v2\/categories?post=35717"},{"taxonomy":"post_tag","embeddable":true,"href":"https:\/\/puntacanatvrd.com\/web\/wp-json\/wp\/v2\/tags?post=35717"}],"curies":[{"name":"wp","href":"https:\/\/api.w.org\/{rel}","templated":true}]}}