{"id":35302,"date":"2026-04-28T13:56:46","date_gmt":"2026-04-28T17:56:46","guid":{"rendered":"https:\/\/puntacanatvrd.com\/web\/?p=35302"},"modified":"2026-04-28T14:00:16","modified_gmt":"2026-04-28T18:00:16","slug":"tragedia-en-copacabana-trabajador-muere-durante-el-montaje-del-show-gratuito-de-shakira-en-rio","status":"publish","type":"post","link":"https:\/\/puntacanatvrd.com\/web\/tragedia-en-copacabana-trabajador-muere-durante-el-montaje-del-show-gratuito-de-shakira-en-rio\/","title":{"rendered":"Tragedia en Copacabana: trabajador muere durante el montaje del show gratuito de Shakira en R\u00edo"},"content":{"rendered":"\n<p>El fallecimiento de <strong>Gabriel de Jesus Firmino<\/strong>, de 28 a\u00f1os, enluta los preparativos del concierto gratuito que la artista colombiana ofrecer\u00e1 el <strong>s\u00e1bado 2 de mayo<\/strong> en la playa de Copacabana. Las autoridades investigan posibles fallas de seguridad laboral.<\/p>\n\n\n\n<p>Un trabajador muri\u00f3 este domingo <strong>26 de abril de 2026<\/strong> durante el montaje del escenario para el megaconcierto gratuito de <strong>Shakira<\/strong> en la playa de <strong>Copacabana<\/strong>, en R\u00edo de Janeiro. La v\u00edctima fue identificada por medios internacionales como <strong>Gabriel de Jesus Firmino<\/strong>, de 28 a\u00f1os, quien participaba en las labores t\u00e9cnicas previas al espect\u00e1culo. Seg\u00fan inform\u00f3 Reuters, el Cuerpo de Bomberos del estado de R\u00edo confirm\u00f3 que el trabajador falleci\u00f3 luego de sufrir un accidente durante el armado de la estructura destinada al concierto p\u00fablico de la artista colombiana.<\/p>\n\n\n\n<p>De acuerdo con reportes de Associated Press, la construcci\u00f3n del escenario fue retomada el lunes, mientras la polic\u00eda brasile\u00f1a investiga las circunstancias del accidente y posibles incumplimientos de normas de seguridad laboral por parte de la empresa responsable del montaje. La agencia indic\u00f3 que el trabajador muri\u00f3 tras un incidente relacionado con equipos de elevaci\u00f3n del escenario, en medio de los preparativos para uno de los eventos musicales m\u00e1s esperados de la ciudad.<\/p>\n\n\n\n<p>El show forma parte de la gira <strong>\u201cLas Mujeres Ya No Lloran World Tour\u201d<\/strong> y est\u00e1 previsto para el <strong>s\u00e1bado 2 de mayo<\/strong> en Copacabana, uno de los escenarios urbanos m\u00e1s emblem\u00e1ticos de Brasil. Tras conocerse la noticia, Shakira expres\u00f3 p\u00fablicamente su pesar. Seg\u00fan medios que citaron su mensaje, la cantante se\u00f1al\u00f3: <strong>\u201cMi coraz\u00f3n est\u00e1 con su familia y sus seres queridos\u201d<\/strong>. La organizaci\u00f3n del evento tambi\u00e9n manifest\u00f3 sus condolencias y apoyo a la familia del trabajador y al equipo t\u00e9cnico, en una previa que pas\u00f3 de la expectativa masiva al luto por una tragedia laboral.<\/p>\n","protected":false},"excerpt":{"rendered":"<p>El fallecimiento de Gabriel de Jesus Firmino, de 28 a\u00f1os, enluta los preparativos del concierto gratuito que la artista colombiana ofrecer\u00e1 el s\u00e1bado 2 de mayo en la playa de&hellip;<\/p>\n","protected":false},"author":4,"featured_media":35303,"comment_status":"open","ping_status":"open","sticky":false,"template":"","format":"standard","meta":{"footnotes":""},"categories":[271,217,221],"tags":[],"class_list":["post-35302","post","type-post","status-publish","format-standard","has-post-thumbnail","hentry","category-internacionales","category-music","category-news"],"_links":{"self":[{"href":"https:\/\/puntacanatvrd.com\/web\/wp-json\/wp\/v2\/posts\/35302","targetHints":{"allow":["GET"]}}],"collection":[{"href":"https:\/\/puntacanatvrd.com\/web\/wp-json\/wp\/v2\/posts"}],"about":[{"href":"https:\/\/puntacanatvrd.com\/web\/wp-json\/wp\/v2\/types\/post"}],"author":[{"embeddable":true,"href":"https:\/\/puntacanatvrd.com\/web\/wp-json\/wp\/v2\/users\/4"}],"replies":[{"embeddable":true,"href":"https:\/\/puntacanatvrd.com\/web\/wp-json\/wp\/v2\/comments?post=35302"}],"version-history":[{"count":1,"href":"https:\/\/puntacanatvrd.com\/web\/wp-json\/wp\/v2\/posts\/35302\/revisions"}],"predecessor-version":[{"id":35304,"href":"https:\/\/puntacanatvrd.com\/web\/wp-json\/wp\/v2\/posts\/35302\/revisions\/35304"}],"wp:featuredmedia":[{"embeddable":true,"href":"https:\/\/puntacanatvrd.com\/web\/wp-json\/wp\/v2\/media\/35303"}],"wp:attachment":[{"href":"https:\/\/puntacanatvrd.com\/web\/wp-json\/wp\/v2\/media?parent=35302"}],"wp:term":[{"taxonomy":"category","embeddable":true,"href":"https:\/\/puntacanatvrd.com\/web\/wp-json\/wp\/v2\/categories?post=35302"},{"taxonomy":"post_tag","embeddable":true,"href":"https:\/\/puntacanatvrd.com\/web\/wp-json\/wp\/v2\/tags?post=35302"}],"curies":[{"name":"wp","href":"https:\/\/api.w.org\/{rel}","templated":true}]}}