{"id":35298,"date":"2026-04-28T13:43:13","date_gmt":"2026-04-28T17:43:13","guid":{"rendered":"https:\/\/puntacanatvrd.com\/web\/?p=35298"},"modified":"2026-04-28T13:43:14","modified_gmt":"2026-04-28T17:43:14","slug":"same-2626-punta-cana-frente-al-desafio-de-educar-al-ritmo-de-su-crecimiento","status":"publish","type":"post","link":"https:\/\/puntacanatvrd.com\/web\/same-2626-punta-cana-frente-al-desafio-de-educar-al-ritmo-de-su-crecimiento\/","title":{"rendered":"SAME 2626: Punta Cana frente al desaf\u00edo de educar al ritmo de su crecimiento"},"content":{"rendered":"\n<p><strong><em>En el marco de la Semana de Acci\u00f3n Mundial por la Educaci\u00f3n 2026, la conversaci\u00f3n global sobre financiamiento, equidad y derecho a la educaci\u00f3n encuentra eco en Ver\u00f3n\u2013Punta Cana, una zona donde el crecimiento tur\u00edstico y poblacional exige respuestas educativas a la altura de su desarrollo.<\/em><\/strong><\/p>\n\n\n\n<p>La <strong>Semana de Acci\u00f3n Mundial por la Educaci\u00f3n 2026<\/strong>, celebrada del <strong>20 al 25 de abril<\/strong> bajo el lema <strong>\u201cMantener viva la llama de la educaci\u00f3n\u201d<\/strong>, volvi\u00f3 a instalar una idea central: la educaci\u00f3n p\u00fablica, gratuita, inclusiva y de calidad no puede depender de la suerte ni del lugar donde nace una persona. La Campa\u00f1a Mundial por la Educaci\u00f3n recuerda que esta movilizaci\u00f3n re\u00fane a estudiantes, docentes, sindicatos, familias y activistas de m\u00e1s de 100 pa\u00edses para exigir a los gobiernos avances reales hacia el <strong>ODS 4<\/strong>, enfocado en garantizar una educaci\u00f3n inclusiva, equitativa y de calidad.<\/p>\n\n\n\n<p>El llamado internacional tambi\u00e9n pone el foco en la <strong>financiaci\u00f3n educativa<\/strong>, en un contexto donde distintos organismos advierten que los sistemas escolares requieren inversi\u00f3n sostenida, m\u00e1s docentes, mejor infraestructura y pol\u00edticas p\u00fablicas capaces de cerrar brechas. La Internacional de la Educaci\u00f3n se\u00f1al\u00f3 que la SAME 2026 moviliza a millones de activistas y que, ante el riesgo que enfrenta el financiamiento, los gobiernos deben <strong>invertir en educaci\u00f3n<\/strong> y cumplir el compromiso de no dejar a nadie atr\u00e1s. En esa misma l\u00ednea, Dennis Sinyolo, director de la IE \u00c1frica, advirti\u00f3 durante el lanzamiento de la campa\u00f1a sobre la escasez mundial de <strong>50 millones de docentes<\/strong>, mientras defend\u00eda la necesidad de una <strong>escuela p\u00fablica de calidad para toda la ni\u00f1ez<\/strong>.<\/p>\n\n\n\n<p>Para <strong>Punta Cana<\/strong>, este debate no es lejano. En una demarcaci\u00f3n marcada por el crecimiento tur\u00edstico, la migraci\u00f3n laboral y la expansi\u00f3n urbana, la educaci\u00f3n se convierte en una condici\u00f3n b\u00e1sica para sostener el desarrollo con justicia social. El propio Ministerio de Educaci\u00f3n inform\u00f3 en 2024 que hab\u00eda dado cobertura al <strong>99 % de los estudiantes en Ver\u00f3n\u2013Punta Cana<\/strong>, junto con la incorporaci\u00f3n de nuevos centros educativos; sin embargo, medios locales han planteado que la matr\u00edcula sigue creciendo con fuerza, citando una poblaci\u00f3n educativa de <strong>28,937 estudiantes<\/strong> y la propuesta de crear un nuevo Distrito Educativo 12-05 para desahogar la estructura actual. Como expres\u00f3 V\u00edctor Pep\u00e9n a B\u00e1varo News, esa reorganizaci\u00f3n \u201c<strong>desahogar\u00eda grandemente al Distrito 12-01 de Hig\u00fcey<\/strong>\u201d. En ese contexto, mantener viva la llama de la educaci\u00f3n significa tambi\u00e9n mirar a Punta Cana no solo como destino tur\u00edstico, sino como comunidad que necesita aulas, docentes, planificaci\u00f3n y oportunidades para sus ni\u00f1os y j\u00f3venes.<\/p>\n","protected":false},"excerpt":{"rendered":"<p>En el marco de la Semana de Acci\u00f3n Mundial por la Educaci\u00f3n 2026, la conversaci\u00f3n global sobre financiamiento, equidad y derecho a la educaci\u00f3n encuentra eco en Ver\u00f3n\u2013Punta Cana, una&hellip;<\/p>\n","protected":false},"author":4,"featured_media":35299,"comment_status":"open","ping_status":"open","sticky":false,"template":"","format":"standard","meta":{"footnotes":""},"categories":[272,221],"tags":[],"class_list":["post-35298","post","type-post","status-publish","format-standard","has-post-thumbnail","hentry","category-educacion","category-news"],"_links":{"self":[{"href":"https:\/\/puntacanatvrd.com\/web\/wp-json\/wp\/v2\/posts\/35298","targetHints":{"allow":["GET"]}}],"collection":[{"href":"https:\/\/puntacanatvrd.com\/web\/wp-json\/wp\/v2\/posts"}],"about":[{"href":"https:\/\/puntacanatvrd.com\/web\/wp-json\/wp\/v2\/types\/post"}],"author":[{"embeddable":true,"href":"https:\/\/puntacanatvrd.com\/web\/wp-json\/wp\/v2\/users\/4"}],"replies":[{"embeddable":true,"href":"https:\/\/puntacanatvrd.com\/web\/wp-json\/wp\/v2\/comments?post=35298"}],"version-history":[{"count":1,"href":"https:\/\/puntacanatvrd.com\/web\/wp-json\/wp\/v2\/posts\/35298\/revisions"}],"predecessor-version":[{"id":35300,"href":"https:\/\/puntacanatvrd.com\/web\/wp-json\/wp\/v2\/posts\/35298\/revisions\/35300"}],"wp:featuredmedia":[{"embeddable":true,"href":"https:\/\/puntacanatvrd.com\/web\/wp-json\/wp\/v2\/media\/35299"}],"wp:attachment":[{"href":"https:\/\/puntacanatvrd.com\/web\/wp-json\/wp\/v2\/media?parent=35298"}],"wp:term":[{"taxonomy":"category","embeddable":true,"href":"https:\/\/puntacanatvrd.com\/web\/wp-json\/wp\/v2\/categories?post=35298"},{"taxonomy":"post_tag","embeddable":true,"href":"https:\/\/puntacanatvrd.com\/web\/wp-json\/wp\/v2\/tags?post=35298"}],"curies":[{"name":"wp","href":"https:\/\/api.w.org\/{rel}","templated":true}]}}