{"id":35129,"date":"2026-03-18T13:27:34","date_gmt":"2026-03-18T17:27:34","guid":{"rendered":"https:\/\/puntacanatvrd.com\/web\/?p=35129"},"modified":"2026-03-18T13:27:36","modified_gmt":"2026-03-18T17:27:36","slug":"minerd-dispone-apertura-de-escuelas-desde-las-630-am","status":"publish","type":"post","link":"https:\/\/puntacanatvrd.com\/web\/minerd-dispone-apertura-de-escuelas-desde-las-630-am\/","title":{"rendered":"Minerd dispone apertura de escuelas desde las 6:30 am"},"content":{"rendered":"\n<p>El Ministerio de Educaci\u00f3n dispuso que los centros educativos del pa\u00eds abran sus puertas a partir de las 6:30 de la ma\u00f1ana, una medida que \u2014seg\u00fan las autoridades\u2014 busca facilitar la llegada de estudiantes que utilizan el sistema de transporte escolar (TRAE) y garantizar mayor organizaci\u00f3n en la jornada educativa.<\/p>\n\n\n\n<p>La disposici\u00f3n <strong>no modifica el horario de clases<\/strong>, sino que adelanta la apertura de los planteles para recibir estudiantes con mayor anticipaci\u00f3n. Adem\u00e1s, su aplicaci\u00f3n depender\u00e1 de la realidad de cada centro educativo.<\/p>\n\n\n\n<p>La decisi\u00f3n no ha pasado desapercibida. Sectores como la Asociaci\u00f3n Dominicana de Profesores (ADP) han cuestionado la medida, alegando que afecta condiciones laborales y din\u00e1micas escolares.<\/p>\n\n\n\n<p>Y aqu\u00ed entra lo clave: cuando una pol\u00edtica educativa genera resistencia, no siempre es por rebeld\u00eda\u2026 muchas veces es porque falta consenso.<\/p>\n","protected":false},"excerpt":{"rendered":"<p>El Ministerio de Educaci\u00f3n dispuso que los centros educativos del pa\u00eds abran sus puertas a partir de las 6:30 de la ma\u00f1ana, una medida que \u2014seg\u00fan las autoridades\u2014 busca facilitar&hellip;<\/p>\n","protected":false},"author":2,"featured_media":35130,"comment_status":"open","ping_status":"open","sticky":false,"template":"","format":"standard","meta":{"footnotes":""},"categories":[272,270],"tags":[1323,1324,1325],"class_list":["post-35129","post","type-post","status-publish","format-standard","has-post-thumbnail","hentry","category-educacion","category-nacionales","tag-educacuon","tag-minerd-2","tag-trae"],"_links":{"self":[{"href":"https:\/\/puntacanatvrd.com\/web\/wp-json\/wp\/v2\/posts\/35129","targetHints":{"allow":["GET"]}}],"collection":[{"href":"https:\/\/puntacanatvrd.com\/web\/wp-json\/wp\/v2\/posts"}],"about":[{"href":"https:\/\/puntacanatvrd.com\/web\/wp-json\/wp\/v2\/types\/post"}],"author":[{"embeddable":true,"href":"https:\/\/puntacanatvrd.com\/web\/wp-json\/wp\/v2\/users\/2"}],"replies":[{"embeddable":true,"href":"https:\/\/puntacanatvrd.com\/web\/wp-json\/wp\/v2\/comments?post=35129"}],"version-history":[{"count":1,"href":"https:\/\/puntacanatvrd.com\/web\/wp-json\/wp\/v2\/posts\/35129\/revisions"}],"predecessor-version":[{"id":35131,"href":"https:\/\/puntacanatvrd.com\/web\/wp-json\/wp\/v2\/posts\/35129\/revisions\/35131"}],"wp:featuredmedia":[{"embeddable":true,"href":"https:\/\/puntacanatvrd.com\/web\/wp-json\/wp\/v2\/media\/35130"}],"wp:attachment":[{"href":"https:\/\/puntacanatvrd.com\/web\/wp-json\/wp\/v2\/media?parent=35129"}],"wp:term":[{"taxonomy":"category","embeddable":true,"href":"https:\/\/puntacanatvrd.com\/web\/wp-json\/wp\/v2\/categories?post=35129"},{"taxonomy":"post_tag","embeddable":true,"href":"https:\/\/puntacanatvrd.com\/web\/wp-json\/wp\/v2\/tags?post=35129"}],"curies":[{"name":"wp","href":"https:\/\/api.w.org\/{rel}","templated":true}]}}