{"id":35117,"date":"2026-03-17T11:52:52","date_gmt":"2026-03-17T15:52:52","guid":{"rendered":"https:\/\/puntacanatvrd.com\/web\/?p=35117"},"modified":"2026-03-17T11:52:53","modified_gmt":"2026-03-17T15:52:53","slug":"venezuela-y-rd-reanudan-vuelos","status":"publish","type":"post","link":"https:\/\/puntacanatvrd.com\/web\/venezuela-y-rd-reanudan-vuelos\/","title":{"rendered":"Venezuela y RD reanudan vuelos"},"content":{"rendered":"\n<p>Despu\u00e9s de casi dos a\u00f1os de pausa, <strong>Rep\u00fablica Dominicana y Venezuela vuelven a unirse por aire<\/strong>.<\/p>\n\n\n\n<p>La <strong>Junta de Aviaci\u00f3n Civil<\/strong> aprob\u00f3, mediante la <strong>Resoluci\u00f3n 24-26<\/strong>, la reactivaci\u00f3n de los vuelos directos entre ambos pa\u00edses, permitiendo nuevamente el transporte de <strong>pasajeros, carga y correo<\/strong>.<\/p>\n\n\n\n<p>La conectividad estaba suspendida desde julio de 2024, cuando el gobierno venezolano orden\u00f3 el cierre de su espacio a\u00e9reo hacia varios destinos, incluyendo Rep\u00fablica Dominicana.<\/p>\n\n\n\n<p>Hoy, el panorama cambia.<\/p>\n\n\n\n<p>Entre las primeras aerol\u00edneas en retomar operaciones est\u00e1 <strong>Laser Airlines<\/strong>, que iniciar\u00e1 vuelos directos entre Caracas y Santo Domingo con <strong>tres frecuencias semanales (mi\u00e9rcoles, viernes y domingos)<\/strong>, marcando el reinicio formal de la ruta.<\/p>\n\n\n\n<p>Adem\u00e1s, otras aerol\u00edneas tanto venezolanas como dominicanas tambi\u00e9n han sido autorizadas, lo que abre la puerta a una recuperaci\u00f3n progresiva del flujo a\u00e9reo entre ambas naciones.<\/p>\n\n\n\n<p>Esta reapertura no solo reactiva un corredor a\u00e9reo clave del Caribe, sino que tambi\u00e9n refleja <strong>un reacomodo en las relaciones bilaterales<\/strong> entre ambos pa\u00edses, tras meses de tensiones diplom\u00e1ticas.<\/p>\n\n\n\n<p>Ahora el Caribe vuelve a abrir los cielos y con ello <strong>tambi\u00e9n se reactivan historias, negocios y familias<\/strong>.<\/p>\n","protected":false},"excerpt":{"rendered":"<p>Despu\u00e9s de casi dos a\u00f1os de pausa, Rep\u00fablica Dominicana y Venezuela vuelven a unirse por aire. La Junta de Aviaci\u00f3n Civil aprob\u00f3, mediante la Resoluci\u00f3n 24-26, la reactivaci\u00f3n de los&hellip;<\/p>\n","protected":false},"author":2,"featured_media":35118,"comment_status":"open","ping_status":"open","sticky":false,"template":"","format":"standard","meta":{"footnotes":""},"categories":[273,270,293],"tags":[1319,1008,1318],"class_list":["post-35117","post","type-post","status-publish","format-standard","has-post-thumbnail","hentry","category-economia","category-nacionales","category-turismo","tag-reactivacion","tag-venezuela","tag-vuelos"],"_links":{"self":[{"href":"https:\/\/puntacanatvrd.com\/web\/wp-json\/wp\/v2\/posts\/35117","targetHints":{"allow":["GET"]}}],"collection":[{"href":"https:\/\/puntacanatvrd.com\/web\/wp-json\/wp\/v2\/posts"}],"about":[{"href":"https:\/\/puntacanatvrd.com\/web\/wp-json\/wp\/v2\/types\/post"}],"author":[{"embeddable":true,"href":"https:\/\/puntacanatvrd.com\/web\/wp-json\/wp\/v2\/users\/2"}],"replies":[{"embeddable":true,"href":"https:\/\/puntacanatvrd.com\/web\/wp-json\/wp\/v2\/comments?post=35117"}],"version-history":[{"count":1,"href":"https:\/\/puntacanatvrd.com\/web\/wp-json\/wp\/v2\/posts\/35117\/revisions"}],"predecessor-version":[{"id":35119,"href":"https:\/\/puntacanatvrd.com\/web\/wp-json\/wp\/v2\/posts\/35117\/revisions\/35119"}],"wp:featuredmedia":[{"embeddable":true,"href":"https:\/\/puntacanatvrd.com\/web\/wp-json\/wp\/v2\/media\/35118"}],"wp:attachment":[{"href":"https:\/\/puntacanatvrd.com\/web\/wp-json\/wp\/v2\/media?parent=35117"}],"wp:term":[{"taxonomy":"category","embeddable":true,"href":"https:\/\/puntacanatvrd.com\/web\/wp-json\/wp\/v2\/categories?post=35117"},{"taxonomy":"post_tag","embeddable":true,"href":"https:\/\/puntacanatvrd.com\/web\/wp-json\/wp\/v2\/tags?post=35117"}],"curies":[{"name":"wp","href":"https:\/\/api.w.org\/{rel}","templated":true}]}}