{"id":34733,"date":"2026-02-20T21:56:42","date_gmt":"2026-02-21T01:56:42","guid":{"rendered":"https:\/\/puntacanatvrd.com\/web\/?p=34733"},"modified":"2026-02-20T21:56:44","modified_gmt":"2026-02-21T01:56:44","slug":"el-carnaval-de-punta-cana-regresa-con-dos-dias-de-celebracion-en-su-17-a-edicion","status":"publish","type":"post","link":"https:\/\/puntacanatvrd.com\/web\/el-carnaval-de-punta-cana-regresa-con-dos-dias-de-celebracion-en-su-17-a-edicion\/","title":{"rendered":"El Carnaval de Punta Cana regresa con dos d\u00edas de celebraci\u00f3n en su 17.\u00aa edici\u00f3n"},"content":{"rendered":"\n<p><strong>Punta Cana, La Altagracia. &#8211; G<\/strong>rupo Puntacana anunci\u00f3 la decimos\u00e9ptima edici\u00f3n del Carnaval de Punta Cana, a celebrarse el viernes 20 y s\u00e1bado 21 de febrero de 2026, en el Boulevard 1ro. de noviembre de The Village Puntacana.<\/p>\n\n\n\n<p>El viernes 20 de febrero, la fiesta inicia con la Gala de Carnaval en el per\u00edmetro del desfile para la comunidad de Punta Cana, revelando el primer vistazo de las comparsas insignias: Las Musas de Punta Cana y Los Tres Caras, junto a m\u00fasica en vivo.<\/p>\n\n\n\n<p>El s\u00e1bado 21 de febrero, las puertas abren desde las 2:30 p.m. y el gran desfile iniciar\u00e1 a partir de las 4:00 p.m., con la participaci\u00f3n de m\u00e1s de 20 comparsas, m\u00e1s de 1,500 carnavaleros nacionales e internacionales, que festejar\u00e1n el folclore y la cultura dominicana. Se espera a m\u00e1s de 15 mil asistentes.<\/p>\n\n\n\n<p>Durante el evento, el p\u00fablico podr\u00e1 disfrutar de la coronaci\u00f3n del Rey o Reina Momo, que constituye la gran sorpresa de la gala del festival, ya que la distinci\u00f3n es otorgada a personalidades nacionales, destacadas e influyentes, que inspiran con su labor a la sociedad dominicana. En 2025, el destacado bicampe\u00f3n ol\u00edmpico y bicampe\u00f3n mundial del atletismo, F\u00e9lix S\u00e1nchez, fue coronado como Rey Momo del Desfile de Carnaval.<\/p>\n\n\n\n<p>En ediciones anteriores, han sido coronados como Rey Momo figuras tales como Oscar de La Renta, Eddy Herrera, Marcos D\u00edaz, Michel Camilo, Jos\u00e9 Antonio Molina, Freddy Ginebra, George Bell y Milly Quezada, la primera Reina Momo.<\/p>\n\n\n\n<p>El Carnaval de Punta Cana es un evento gratuito al p\u00fablico en general, y contar\u00e1 con tarimas a la venta para quienes deseen adquirir sus boletas a trav\u00e9s de las plataformas digitales del evento.<\/p>\n\n\n\n<p>Para mayor informaci\u00f3n: 809-959-2714 o visitar @carnavaldepuntacana. <a href=\"https:\/\/puntacana.com\/en\/to-do\/carnaval-punta-cana\" target=\"_blank\" rel=\"noreferrer noopener\">puntacana.com<\/a><\/p>\n\n\n\n<p><strong>Entretenimiento Familiar<\/strong><\/p>\n\n\n\n<p>Esta edici\u00f3n contar\u00e1 con food trucks y entretenimiento en un ambiente familiar y seguro, as\u00ed como m\u00faltiples sorpresas que ser\u00e1n develadas en el marco de la celebraci\u00f3n. Asimismo, habr\u00e1 un \u00e1rea de ni\u00f1os el s\u00e1bado 21 de febrero a partir de las 3:00 p.m., pr\u00f3ximo al edificio corporativo de Grupo Puntacana.<\/p>\n\n\n\n<p><strong>Sostenibilidad<\/strong><\/p>\n\n\n\n<p>El encuentro contin\u00faa promoviendo buenas pr\u00e1cticas de sostenibilidad con la distribuci\u00f3n de estaciones de reciclaje de desechos, la implementaci\u00f3n de vasos reutilizables y el uso de gastables biodegradables en tarimas, con el prop\u00f3sito de promover iniciativas sostenibles y disminuir el impacto ambiental.<\/p>\n\n\n\n<p><strong>Sobre Grupo Puntacana<\/strong><\/p>\n\n\n\n<p>El Grupo Puntacana es una empresa pionera en el turismo sostenible, con una sombrilla de 18 mil colaboradores directos e indirectos, que hace m\u00e1s de 55 a\u00f1os, tuvo la visi\u00f3n y el sue\u00f1o de desarrollar un destino, con la misi\u00f3n de crear una comunidad tur\u00edstica que respeta la naturaleza e impulsa la responsabilidad social.<\/p>\n\n\n\n<p><strong>Sobre el Carnaval de Punta Cana<\/strong><\/p>\n\n\n\n<p>El Carnaval de Punta Cana es el encuentro m\u00e1s esperado del arte y la cultura en la regi\u00f3n Este. La fiesta cultural naci\u00f3 en el a\u00f1o 2008, como una iniciativa de Grupo Puntacana, con el prop\u00f3sito de promover las tradiciones folcl\u00f3ricas de la Rep\u00fablica Dominicana y de los pa\u00edses invitados, a los miles de visitantes locales y extranjeros.<\/p>\n\n\n\n<p>Entre las comparsas emblem\u00e1ticas del Carnaval de Punta Cana, est\u00e1n \u201cLas Musas de Punta Cana\u201d, integradas por un grupo de damas de la comunidad, quienes cada a\u00f1o dise\u00f1an conjuntamente sus trajes carnavalescos, eligiendo un tema representativo de la cultura dominicana.<\/p>\n\n\n\n<p>Las Musas de Punta Cana son acompa\u00f1adas por la comparsa del Puntacana International School (PCIS), en la que desfilan estudiantes e integrantes del staff del colegio con ingeniosos trajes de carnaval, simbolizando temas relacionados con el medio ambiente y la cultura del pa\u00eds. Tambi\u00e9n participa la comparsa de Los Tres Caras, los protectores de Las Musas.<\/p>\n","protected":false},"excerpt":{"rendered":"<p>Punta Cana, La Altagracia. &#8211; Grupo Puntacana anunci\u00f3 la decimos\u00e9ptima edici\u00f3n del Carnaval de Punta Cana, a celebrarse el viernes 20 y s\u00e1bado 21 de febrero de 2026, en el&hellip;<\/p>\n","protected":false},"author":1,"featured_media":34734,"comment_status":"open","ping_status":"open","sticky":false,"template":"","format":"standard","meta":{"footnotes":""},"categories":[311],"tags":[],"class_list":["post-34733","post","type-post","status-publish","format-standard","has-post-thumbnail","hentry","category-entretenimiento"],"_links":{"self":[{"href":"https:\/\/puntacanatvrd.com\/web\/wp-json\/wp\/v2\/posts\/34733","targetHints":{"allow":["GET"]}}],"collection":[{"href":"https:\/\/puntacanatvrd.com\/web\/wp-json\/wp\/v2\/posts"}],"about":[{"href":"https:\/\/puntacanatvrd.com\/web\/wp-json\/wp\/v2\/types\/post"}],"author":[{"embeddable":true,"href":"https:\/\/puntacanatvrd.com\/web\/wp-json\/wp\/v2\/users\/1"}],"replies":[{"embeddable":true,"href":"https:\/\/puntacanatvrd.com\/web\/wp-json\/wp\/v2\/comments?post=34733"}],"version-history":[{"count":1,"href":"https:\/\/puntacanatvrd.com\/web\/wp-json\/wp\/v2\/posts\/34733\/revisions"}],"predecessor-version":[{"id":34735,"href":"https:\/\/puntacanatvrd.com\/web\/wp-json\/wp\/v2\/posts\/34733\/revisions\/34735"}],"wp:featuredmedia":[{"embeddable":true,"href":"https:\/\/puntacanatvrd.com\/web\/wp-json\/wp\/v2\/media\/34734"}],"wp:attachment":[{"href":"https:\/\/puntacanatvrd.com\/web\/wp-json\/wp\/v2\/media?parent=34733"}],"wp:term":[{"taxonomy":"category","embeddable":true,"href":"https:\/\/puntacanatvrd.com\/web\/wp-json\/wp\/v2\/categories?post=34733"},{"taxonomy":"post_tag","embeddable":true,"href":"https:\/\/puntacanatvrd.com\/web\/wp-json\/wp\/v2\/tags?post=34733"}],"curies":[{"name":"wp","href":"https:\/\/api.w.org\/{rel}","templated":true}]}}