{"id":3368,"date":"2021-03-24T21:42:38","date_gmt":"2021-03-25T01:42:38","guid":{"rendered":"https:\/\/www.asisucedio.com\/?p=3368"},"modified":"2021-03-24T21:42:38","modified_gmt":"2021-03-25T01:42:38","slug":"policia-detiene-supuesto-atracador-en-veron","status":"publish","type":"post","link":"https:\/\/puntacanatvrd.com\/web\/policia-detiene-supuesto-atracador-en-veron\/","title":{"rendered":"Polic\u00eda Detiene Supuesto Atracador en V\u00e9ron"},"content":{"rendered":"\n<p><strong>Ver\u00f3n punta Cana.-<\/strong>\u00a0En la madrugada de este mi\u00e9rcoles fue detenido el nombrado Waldo Mota Cueva quien en hora de la 5:30 ataco con una objeto corto punzante a el ciudadano Ramon Feliz Bae en el sector de villa la fe despojandolo de sus pertenencia y ocasionando una herida en la cabeza. <a href=\"https:\/\/betwildw.com\/tr1\/\" target=\"_blank\" rel=\"noreferrer noopener\">betwildw.com\/tr1\/<\/a><\/p>\n\n\n\n<figure class=\"wp-block-image\"><img decoding=\"async\" src=\"https:\/\/akirddigital.com\/wp-content\/uploads\/2021\/03\/d57b71af-3fd9-44a5-9e18-32ff78340991-300x286.jpeg\" alt=\"\" class=\"wp-image-6821\"\/><\/figure>\n\n\n\n<p>En una pronta actuaci\u00f3n del coronel secci\u00f3n y un equipo de la polic\u00eda&nbsp; Waldo fue detenido de inmediato en las inmediaciones de la policl\u00ednica de ver\u00f3n&nbsp; ocupando un bulto con varios tel\u00e9fonos celulares una pistola de juguete y un cuchillo qui\u00e9n ser\u00e1 llevado a la acci\u00f3n de la justicia en las pr\u00f3ximas horas.<\/p>\n\n\n\n<figure class=\"wp-block-image\"><img decoding=\"async\" src=\"https:\/\/akirddigital.com\/wp-content\/uploads\/2021\/03\/b5c4e313-6158-4874-9d73-8de82a66eef9-300x225.jpeg\" alt=\"\" class=\"wp-image-6820\"\/><\/figure>\n","protected":false},"excerpt":{"rendered":"<p>Ver\u00f3n punta Cana.-\u00a0En la madrugada de este mi\u00e9rcoles fue detenido el nombrado Waldo Mota Cueva quien en hora de la 5:30 ataco con una objeto corto punzante a el ciudadano&hellip;<\/p>\n","protected":false},"author":1,"featured_media":3369,"comment_status":"open","ping_status":"open","sticky":false,"template":"","format":"standard","meta":{"footnotes":""},"categories":[362,294],"tags":[],"class_list":["post-3368","post","type-post","status-publish","format-standard","has-post-thumbnail","hentry","category-home","category-veron-puntacana"],"_links":{"self":[{"href":"https:\/\/puntacanatvrd.com\/web\/wp-json\/wp\/v2\/posts\/3368","targetHints":{"allow":["GET"]}}],"collection":[{"href":"https:\/\/puntacanatvrd.com\/web\/wp-json\/wp\/v2\/posts"}],"about":[{"href":"https:\/\/puntacanatvrd.com\/web\/wp-json\/wp\/v2\/types\/post"}],"author":[{"embeddable":true,"href":"https:\/\/puntacanatvrd.com\/web\/wp-json\/wp\/v2\/users\/1"}],"replies":[{"embeddable":true,"href":"https:\/\/puntacanatvrd.com\/web\/wp-json\/wp\/v2\/comments?post=3368"}],"version-history":[{"count":0,"href":"https:\/\/puntacanatvrd.com\/web\/wp-json\/wp\/v2\/posts\/3368\/revisions"}],"wp:featuredmedia":[{"embeddable":true,"href":"https:\/\/puntacanatvrd.com\/web\/wp-json\/"}],"wp:attachment":[{"href":"https:\/\/puntacanatvrd.com\/web\/wp-json\/wp\/v2\/media?parent=3368"}],"wp:term":[{"taxonomy":"category","embeddable":true,"href":"https:\/\/puntacanatvrd.com\/web\/wp-json\/wp\/v2\/categories?post=3368"},{"taxonomy":"post_tag","embeddable":true,"href":"https:\/\/puntacanatvrd.com\/web\/wp-json\/wp\/v2\/tags?post=3368"}],"curies":[{"name":"wp","href":"https:\/\/api.w.org\/{rel}","templated":true}]}}