{"id":3125,"date":"2021-03-09T11:49:41","date_gmt":"2021-03-09T15:49:41","guid":{"rendered":"https:\/\/www.asisucedio.com\/?p=3125"},"modified":"2021-03-09T11:49:41","modified_gmt":"2021-03-09T15:49:41","slug":"neymar-no-entra-en-la-convocatoria-del-psg-para-medirse-al-barca","status":"publish","type":"post","link":"https:\/\/puntacanatvrd.com\/web\/neymar-no-entra-en-la-convocatoria-del-psg-para-medirse-al-barca\/","title":{"rendered":"Neymar no entra en la convocatoria del PSG para medirse al Barca"},"content":{"rendered":"\n<p>El brasile\u00f1o Neymar no figura en la convocatoria del Par\u00eds Saint-Germain para el partido de vuelta de los octavos de final de la Liga de Campeones que este mi\u00e9rcoles disputar\u00e1 contra el Barcelona, en el que los galos defender\u00e1n el 1-4 logrado en el Camp Nou. <\/p>\n\n\n\n<p>El atacante, el jugador m\u00e1s caro de la historia, \"volvi\u00f3 a los entrenamientos la pasada semana pero continuar\u00e1 su trabajo de recuperaci\u00f3n individual\", indic\u00f3 el club en su bolet\u00edn m\u00e9dico, en el que no dio m\u00e1s detalles.<\/p>\n\n\n\n<p>El retorno de Ney, lesionado el pasado 10 de febrero, parec\u00eda posible para el decisivo duelo contra el Barcelona, pero el club ha preferido finalmente no arriesgar.<\/p>\n\n\n\n<p>El jugador, de 29 a\u00f1os, se perder\u00e1 as\u00ed otro duelo decisivo en octavos de final de la Liga de Campeones por lesi\u00f3n. El brasile\u00f1o solo ha participado en 3 de los ocho posibles desde que en 2017 lleg\u00f3 al club franc\u00e9s.<\/p>\n\n\n\n<p>Neymar sufri\u00f3 una lesi\u00f3n en el aductor izquierdo en el duelo de Copa contra el modesto Caen y el club fij\u00f3 en un mes su periodo de recuperaci\u00f3n, lo que situaba la vuelta de los octavos al l\u00edmite de la misma. <\/p>\n\n\n\n<p>Fuente: 100%noticias<\/p>\n","protected":false},"excerpt":{"rendered":"<p>El brasile\u00f1o Neymar no figura en la convocatoria del Par\u00eds Saint-Germain para el partido de vuelta de los octavos de final de la Liga de Campeones que este mi\u00e9rcoles disputar\u00e1&hellip;<\/p>\n","protected":false},"author":1,"featured_media":14062,"comment_status":"open","ping_status":"open","sticky":false,"template":"","format":"standard","meta":{"footnotes":""},"categories":[274,362],"tags":[716],"class_list":["post-3125","post","type-post","status-publish","format-standard","has-post-thumbnail","hentry","category-deportes","category-home","tag-deportes"],"_links":{"self":[{"href":"https:\/\/puntacanatvrd.com\/web\/wp-json\/wp\/v2\/posts\/3125","targetHints":{"allow":["GET"]}}],"collection":[{"href":"https:\/\/puntacanatvrd.com\/web\/wp-json\/wp\/v2\/posts"}],"about":[{"href":"https:\/\/puntacanatvrd.com\/web\/wp-json\/wp\/v2\/types\/post"}],"author":[{"embeddable":true,"href":"https:\/\/puntacanatvrd.com\/web\/wp-json\/wp\/v2\/users\/1"}],"replies":[{"embeddable":true,"href":"https:\/\/puntacanatvrd.com\/web\/wp-json\/wp\/v2\/comments?post=3125"}],"version-history":[{"count":0,"href":"https:\/\/puntacanatvrd.com\/web\/wp-json\/wp\/v2\/posts\/3125\/revisions"}],"wp:featuredmedia":[{"embeddable":true,"href":"https:\/\/puntacanatvrd.com\/web\/wp-json\/"}],"wp:attachment":[{"href":"https:\/\/puntacanatvrd.com\/web\/wp-json\/wp\/v2\/media?parent=3125"}],"wp:term":[{"taxonomy":"category","embeddable":true,"href":"https:\/\/puntacanatvrd.com\/web\/wp-json\/wp\/v2\/categories?post=3125"},{"taxonomy":"post_tag","embeddable":true,"href":"https:\/\/puntacanatvrd.com\/web\/wp-json\/wp\/v2\/tags?post=3125"}],"curies":[{"name":"wp","href":"https:\/\/api.w.org\/{rel}","templated":true}]}}