{"id":3042,"date":"2021-03-04T18:44:22","date_gmt":"2021-03-04T22:44:22","guid":{"rendered":"https:\/\/www.asisucedio.com\/?p=3042"},"modified":"2021-03-04T18:44:22","modified_gmt":"2021-03-04T22:44:22","slug":"minerd-presentara-manana-protocolo-de-regreso-a-la-semipresencialidad","status":"publish","type":"post","link":"https:\/\/puntacanatvrd.com\/web\/minerd-presentara-manana-protocolo-de-regreso-a-la-semipresencialidad\/","title":{"rendered":"Minerd presentar\u00e1 ma\u00f1ana protocolo de regreso a la semipresencialidad"},"content":{"rendered":"\n<p>El Ministerio de Educaci\u00f3n (Minerd) presentar\u00e1 ma\u00f1ana el protocolo de regreso a clases semipresenciales.<\/p>\n\n\n\n<p>Dicha presentaci\u00f3n tendr\u00e1 lugar a las 10:00 de la ma\u00f1ana en el Centro Cultural de las Telecomunicaciones, ubicado en la Ciudad Colonial.<\/p>\n\n\n\n<p>Recientemente, el ministro de Educaci\u00f3n, Roberto Fulcar, explic\u00f3 que el retorno a las aulas ser\u00eda este a\u00f1o de forma gradual, voluntario, progresivo, escalonado y bajo consentimiento de los padres y turores de los alumnos.<\/p>\n\n\n\n<p>En ese sentido, manifest\u00f3 que esa decisi\u00f3n se tom\u00f3 en procura de la educaci\u00f3n y de la salud de la comunidad educativa y que las decisiones del Minerd est\u00e1n motivadas por la responsabilidad, que a su juicio, es fundamental en la \u00e9tica de la gesti\u00f3n p\u00fablica.<\/p>\n","protected":false},"excerpt":{"rendered":"<p>El Ministerio de Educaci\u00f3n (Minerd) presentar\u00e1 ma\u00f1ana el protocolo de regreso a clases semipresenciales. Dicha presentaci\u00f3n tendr\u00e1 lugar a las 10:00 de la ma\u00f1ana en el Centro Cultural de las&hellip;<\/p>\n","protected":false},"author":1,"featured_media":3043,"comment_status":"open","ping_status":"open","sticky":false,"template":"","format":"standard","meta":{"footnotes":""},"categories":[362],"tags":[776],"class_list":["post-3042","post","type-post","status-publish","format-standard","has-post-thumbnail","hentry","category-home","tag-minerd"],"_links":{"self":[{"href":"https:\/\/puntacanatvrd.com\/web\/wp-json\/wp\/v2\/posts\/3042","targetHints":{"allow":["GET"]}}],"collection":[{"href":"https:\/\/puntacanatvrd.com\/web\/wp-json\/wp\/v2\/posts"}],"about":[{"href":"https:\/\/puntacanatvrd.com\/web\/wp-json\/wp\/v2\/types\/post"}],"author":[{"embeddable":true,"href":"https:\/\/puntacanatvrd.com\/web\/wp-json\/wp\/v2\/users\/1"}],"replies":[{"embeddable":true,"href":"https:\/\/puntacanatvrd.com\/web\/wp-json\/wp\/v2\/comments?post=3042"}],"version-history":[{"count":0,"href":"https:\/\/puntacanatvrd.com\/web\/wp-json\/wp\/v2\/posts\/3042\/revisions"}],"wp:featuredmedia":[{"embeddable":true,"href":"https:\/\/puntacanatvrd.com\/web\/wp-json\/"}],"wp:attachment":[{"href":"https:\/\/puntacanatvrd.com\/web\/wp-json\/wp\/v2\/media?parent=3042"}],"wp:term":[{"taxonomy":"category","embeddable":true,"href":"https:\/\/puntacanatvrd.com\/web\/wp-json\/wp\/v2\/categories?post=3042"},{"taxonomy":"post_tag","embeddable":true,"href":"https:\/\/puntacanatvrd.com\/web\/wp-json\/wp\/v2\/tags?post=3042"}],"curies":[{"name":"wp","href":"https:\/\/api.w.org\/{rel}","templated":true}]}}