{"id":2972,"date":"2021-02-27T12:41:49","date_gmt":"2021-02-27T16:41:49","guid":{"rendered":"https:\/\/www.asisucedio.com\/?p=2972"},"modified":"2021-02-27T12:41:49","modified_gmt":"2021-02-27T16:41:49","slug":"presidente-abinader-el-campo-esta-sembrado-y-la-alimentacion-del-pueblo-garantizada","status":"publish","type":"post","link":"https:\/\/puntacanatvrd.com\/web\/presidente-abinader-el-campo-esta-sembrado-y-la-alimentacion-del-pueblo-garantizada\/","title":{"rendered":"Presidente Abinader: \"El campo est\u00e1 sembrado y la alimentaci\u00f3n del pueblo garantizada"},"content":{"rendered":"\n<h4 class=\"wp-block-heading\" id=\"h-el-mandatario-reconoce-que-la-agricultura-es-clave-para-la-recuperaci-n-econ-mica\">El mandatario reconoce que la agricultura es clave para la recuperaci\u00f3n econ\u00f3mica<\/h4>\n\n\n\n<p>Santo Domingo, RD.- El&nbsp;<strong>presidente Luis Abinader<\/strong>&nbsp;afirm\u00f3 este s\u00e1bado ante la&nbsp;<strong>Asamblea Nacional<\/strong>&nbsp;que un sector al que ha dedicado una atenci\u00f3n especial por su impacto en la vida de todos los dominicanos, es el&nbsp;<strong>agropecuario<\/strong>.<\/p>\n\n\n\n<p>Abinader, en forma enf\u00e1tica, proclam\u00f3 que: \"El campo est\u00e1 sembrado y la alimentaci\u00f3n del pueblo garantizada\". Signific\u00f3 que, \"Como ven, con nosotros la agricultura est\u00e1 cambiando\".<\/p>\n\n\n\n<p>Signific\u00f3 que es consciente de que la agricultura es clave para la recuperaci\u00f3n econ\u00f3mica, por sus aportes a la seguridad alimentaria, la generaci\u00f3n de divisas y la creaci\u00f3n de empleos.<\/p>\n\n\n\n<p>Indic\u00f3 que al asumir el Gobierno, el 16 de agosto del pasado a\u00f1o, \"encontramos un sector agropecuario disperso, carente de planes y con los servicios esenciales sumidos en un profundo deterioro\".<\/p>\n\n\n\n<p>Explic\u00f3 que el sistema de extensi\u00f3n agr\u00edcola, a trav\u00e9s del cual le llega la asistencia t\u00e9cnica al productor, hab\u00eda desaparecido y que el mantenimiento a canales de riego, as\u00ed como el de los caminos rurales estaban profundamente descuidados.<\/p>\n\n\n\n<p>El mandatario, en el informe de los primeros seis de su Gobierno, afirm\u00f3 que el sector agropecuario tambi\u00e9n carec\u00eda de apoyo para la comercializaci\u00f3n.<\/p>\n\n\n\n<p>\"Este sector estaba endeudado y desmotivado, fruto de un modelo econ\u00f3mico que favorec\u00eda el consumo de bienes agropecuarios importados en detrimento de la producci\u00f3n nacional\", signific\u00f3<\/p>\n\n\n\n<p>Precis\u00f3 que solo en la \u00faltima subasta celebrada en la pasada administraci\u00f3n se colectaron mil 47 millones de pesos a trav\u00e9s de permisos de importaci\u00f3n y \"Nosotros eliminamos esa carga econ\u00f3mica que funcionaba como un impuesto irregular que pagaba el consumidor en sobreprecios de muchos productos alimenticios\".<br \/>Expres\u00f3 en su alocuci\u00f3n de presentaci\u00f3n de las memorias en la Asamblea Nacional, en ocasi\u00f3n del 177 aniversario de la Independencia Nacional, que \"Hoy podemos decir que el campo dominicano est\u00e1 sembrado y la alimentaci\u00f3n del pueblo est\u00e1 garantizada\".<\/p>\n\n\n\n<p>El gobernante fue enf\u00e1tico al asegurar que en la actualidad hay sembradas 1.2 millones de tareas de arroz que est\u00e1n en excelentes condiciones.<\/p>\n\n\n\n<p>Revel\u00f3 que \"a las 450.000 tareas existentes cuando llegamos, sembradas de pl\u00e1tanos, se han agregado de manera escalonada 50,000 m\u00e1s, para un incremento del 11%\".<\/p>\n\n\n\n<p>Agreg\u00f3 que ya se inici\u00f3 la cosecha de 160,000 tareas de habichuelas en el Valle de San Juan, producci\u00f3n que se proyecta como una de las mejores de los \u00faltimos a\u00f1os\".<\/p>\n\n\n\n<ul class=\"wp-block-list\"><li><strong>Lea tambi\u00e9n:&nbsp;<\/strong><a href=\"https:\/\/cdn.com.do\/nacionales\/feda-beneficia-cinco-mil-familias-con-programa-regreso-al-campo\/\">FEDA beneficia cinco mil familias con programa Regreso al Campo<\/a><\/li><\/ul>\n\n\n\n<p>Explic\u00f3 que se ha logrado una cosecha r\u00e9cord de cebolla de m\u00e1s de un mill\u00f3n de quintales, al tiempo que dijo que en la cosecha de tomate industrial se espera una producci\u00f3n extraordinaria superior a los 5.2 millones de quintales.<\/p>\n\n\n\n<p>Abinader tambi\u00e9n resalt\u00f3 que la producci\u00f3n de vegetales en invernaderos ha aumentado de 12.6 millones de libras por mes en 2020, a 20 millones por mes en este a\u00f1o, para un crecimiento del 58%.<\/p>\n\n\n\n<p>Asegur\u00f3 que \"Estamos dando un gran impulso a los cultivos de exportaci\u00f3n como el cacao, mediante un programa coordinado con el sector privado, que contempla la inversi\u00f3n de m\u00e1s de 6 mil millones de pesos para su rehabilitaci\u00f3n, as\u00ed como para la siembra de clones de alta calidad y rendimiento\".<\/p>\n\n\n\n<p>Signific\u00f3 que: \"Igualmente, estamos apoyando los cultivos de banano, tabaco, aguacate, mango y muchas otras frutas altamente demandadas en los mercados internacionales\".<\/p>\n\n\n\n<p>Manifest\u00f3 que para la producci\u00f3n de caf\u00e9, el Ministerio de Agricultura ejecuta un plan conjuntamente con el sector privado, dirigido a recuperar m\u00e1s de un mill\u00f3n de tareas que fueron abandonadas debido a la presencia de enfermedades y falta de apoyo oficial.<\/p>\n\n\n\n<p>\"El pa\u00eds tiene un sector av\u00edcola y porcino muy bien desarrollado y organizado, que es garant\u00eda de que la poblaci\u00f3n goce de un suministro estable de carne de pollo, huevo y cerdo\", asegur\u00f3.<\/p>\n\n\n\n<p>Expres\u00f3 que desafortunadamente este sector depende en gran medida de insumos importados, cuyos precios, en los mercados internacionales, incluyendo los altos costos de transporte, derivados del aumento del precio del petr\u00f3leo, han experimentado alzas exorbitantes, las que se traducen en aumento de precios para el consumidor local.<\/p>\n\n\n\n<p>El presidente signific\u00f3 que \"sabemos que algunos precios aumentan debido a esos factores externos, pero es inaceptable que se quiera especular con los alimentos\", signific\u00f3.<\/p>\n\n\n\n<p>\"A nosotros nos duele cada vez que se produce un aumento de precio, por m\u00ednimo que sea, que afecta el poder adquisitivo, principalmente, de nuestra poblaci\u00f3n de menores ingresos\", comunic\u00f3.<\/p>\n\n\n\n<p>El mandatario afirm\u00f3 que el sector estaba endeudado y desmotivado por un modelo que favorec\u00eda el consumo de bienes importados en detrimento de la producci\u00f3n nacional.<\/p>\n\n\n\n<p>INESPRE y Banco Agr\u00edcola<\/p>\n\n\n\n<p>Indic\u00f3 que \"por eso hemos acordado con los productores la adquisici\u00f3n de una cantidad significativa de pollos y otros productos de la canasta alimenticia para ser vendidos en los barrios populares a trav\u00e9s de INESPRE a precios asequibles\".<\/p>\n\n\n\n<p>Inform\u00f3 que como parte de la respuesta a la situaci\u00f3n de los insumos para la alimentaci\u00f3n animal, se tiene programada la siembra de 320 mil tareas de ma\u00edz y sorgo, con apoyo gubernamental, en la preparaci\u00f3n de la tierra, las semillas, los cr\u00e9ditos y la garant\u00eda de compra por parte del sector privado.<\/p>\n\n\n\n<p>Detall\u00f3 que el programa de financiamiento a tasa cero del Banco Agr\u00edcola, es la mejor muestra del compromiso del Gobierno con la agricultura, al tiempo que indic\u00f3 que, a la fecha, m\u00e1s de 12 mil productores peque\u00f1os, medianos y grandes fueron beneficiados mediante pr\u00e9stamos individuales y asociativos.<\/p>\n\n\n\n<p>Abinader signific\u00f3 que consciente de la eficacia de las cooperativas como modelo de organizaci\u00f3n econ\u00f3mica, ha instruido al Instituto de Desarrollo y Cr\u00e9dito Cooperativo (IDECOOP) a ejecutar un plan de fortalecimiento y creaci\u00f3n de cooperativas rurales, el que est\u00e1 orientado al manejo conjunto de los servicios de cr\u00e9ditos, procesamiento y comercializaci\u00f3n de las cosechas de los peque\u00f1os productores.<\/p>\n\n\n\n<p>\"Igualmente, hemos creado una instancia de coordinaci\u00f3n de las instituciones del sector agropecuario y el Instituto de Bienestar Estudiantil (Inabie), para que los alimentos servidos en los programas escolares sean en base a productos de producci\u00f3n nacional, proceso que contempla la participaci\u00f3n de las cooperativas rurales\", expres\u00f3.<\/p>\n\n\n\n<p>Manifest\u00f3 que en el caso de las sardinas importadas que se sirven en las raciones escolares, se procura que sean sustituidas por especies de crianza local.<\/p>\n","protected":false},"excerpt":{"rendered":"<p>El mandatario reconoce que la agricultura es clave para la recuperaci\u00f3n econ\u00f3mica Santo Domingo, RD.- El&nbsp;presidente Luis Abinader&nbsp;afirm\u00f3 este s\u00e1bado ante la&nbsp;Asamblea Nacional&nbsp;que un sector al que ha dedicado una&hellip;<\/p>\n","protected":false},"author":1,"featured_media":2973,"comment_status":"open","ping_status":"open","sticky":false,"template":"","format":"standard","meta":{"footnotes":""},"categories":[273,362],"tags":[790],"class_list":["post-2972","post","type-post","status-publish","format-standard","has-post-thumbnail","hentry","category-economia","category-home","tag-economia"],"_links":{"self":[{"href":"https:\/\/puntacanatvrd.com\/web\/wp-json\/wp\/v2\/posts\/2972","targetHints":{"allow":["GET"]}}],"collection":[{"href":"https:\/\/puntacanatvrd.com\/web\/wp-json\/wp\/v2\/posts"}],"about":[{"href":"https:\/\/puntacanatvrd.com\/web\/wp-json\/wp\/v2\/types\/post"}],"author":[{"embeddable":true,"href":"https:\/\/puntacanatvrd.com\/web\/wp-json\/wp\/v2\/users\/1"}],"replies":[{"embeddable":true,"href":"https:\/\/puntacanatvrd.com\/web\/wp-json\/wp\/v2\/comments?post=2972"}],"version-history":[{"count":0,"href":"https:\/\/puntacanatvrd.com\/web\/wp-json\/wp\/v2\/posts\/2972\/revisions"}],"wp:featuredmedia":[{"embeddable":true,"href":"https:\/\/puntacanatvrd.com\/web\/wp-json\/"}],"wp:attachment":[{"href":"https:\/\/puntacanatvrd.com\/web\/wp-json\/wp\/v2\/media?parent=2972"}],"wp:term":[{"taxonomy":"category","embeddable":true,"href":"https:\/\/puntacanatvrd.com\/web\/wp-json\/wp\/v2\/categories?post=2972"},{"taxonomy":"post_tag","embeddable":true,"href":"https:\/\/puntacanatvrd.com\/web\/wp-json\/wp\/v2\/tags?post=2972"}],"curies":[{"name":"wp","href":"https:\/\/api.w.org\/{rel}","templated":true}]}}