{"id":2754,"date":"2021-02-13T18:14:25","date_gmt":"2021-02-13T22:14:25","guid":{"rendered":"https:\/\/www.asisucedio.com\/?p=2754"},"modified":"2021-02-13T18:14:25","modified_gmt":"2021-02-13T22:14:25","slug":"covid-19-espana-ya-disena-la-vacunacion-de-cronicos-ante-el-aumento-de-dosis","status":"publish","type":"post","link":"https:\/\/puntacanatvrd.com\/web\/covid-19-espana-ya-disena-la-vacunacion-de-cronicos-ante-el-aumento-de-dosis\/","title":{"rendered":"Covid-19: Espa\u00f1a ya dise\u00f1a la vacunaci\u00f3n de cr\u00f3nicos ante el aumento de dosis"},"content":{"rendered":"\n<p>Los expertos se\u00f1alan que prefieren reservar para estos pacientes las vacunas con mayor eficacia.<\/p>\n\n\n\n<p>La Estrategia de Vacunaci\u00f3n en Espa\u00f1a es un \"documento vivo\", tal y como ha reiterado en varias ocasiones la ministra de Sanidad,\u00a0Carolina Darias. <\/p>\n\n\n\n<p>Por ello, los expertos encargados de tomar las decisiones sobre los grupos diana que recibir\u00e1n las pr\u00f3ximas dosis frente al\u00a0coronavirus Covid-19\u00a0ya est\u00e1n estudiando cu\u00e1ndo se vacunar\u00e1 a los pacientes cr\u00f3nicos, que ser\u00e1 \"enseguida\".\u00a0<\/p>\n\n\n\n<p>Fuentes del\u00a0Grupo de Trabajo T\u00e9cnico\u00a0trabajan actualmente en establecer una estrategia para optimizar las \"bastantes vacunas\" que van a llegar pr\u00f3ximamente, por lo que su trabajo se va a intensificar en las pr\u00f3ximas semanas. Aunque en un primer momento la vacunaci\u00f3n se ha centrado en las personas mayores por ser el colectivo con mayor riesgo de mortalidad,\u00a0la vacunaci\u00f3n a personas con morbilidades \"va a llegar ya\".\u00a0<\/p>\n\n\n\n<p><strong>\"En el momento que haya vacunas, se les va a vacuna enseguida\"<\/strong>, trasladan a este medio, detallando que \"el problema\" con el que se han enfrentado es que la vacuna de AstraZeneca, \"pese a ser muy segura, tiene un nivel de eficacia inferior a las de Moderna o Pfizer BionTech\".&nbsp;<\/p>\n\n\n\n<p>\"Hemos preferido vacunar a las personas con m\u00e1s riesgo de fallecer,\u00a0como las personas mayores o con morbilidad, con Pfizer o Moderna, dado que est\u00e1 funcionando\", a\u00f1aden fuentes del grupo t\u00e9cnico, que explican que este hecho \"no\u00a0quiere decir que AstraZeneca sea peor\".<\/p>\n\n\n\n<p> \"En principio, todas las vacunas de Pfizer y Moderna que lleguen se van a destinar a personas con riesgo de mortalidad, como mayores y personas con enfermedades previas\", sentencian.<\/p>\n","protected":false},"excerpt":{"rendered":"<p>Los expertos se\u00f1alan que prefieren reservar para estos pacientes las vacunas con mayor eficacia. La Estrategia de Vacunaci\u00f3n en Espa\u00f1a es un \"documento vivo\", tal y como ha reiterado en&hellip;<\/p>\n","protected":false},"author":1,"featured_media":2756,"comment_status":"open","ping_status":"open","sticky":false,"template":"","format":"standard","meta":{"footnotes":""},"categories":[1],"tags":[719],"class_list":["post-2754","post","type-post","status-publish","format-standard","has-post-thumbnail","hentry","category-uncategorized","tag-covid-19-2"],"_links":{"self":[{"href":"https:\/\/puntacanatvrd.com\/web\/wp-json\/wp\/v2\/posts\/2754","targetHints":{"allow":["GET"]}}],"collection":[{"href":"https:\/\/puntacanatvrd.com\/web\/wp-json\/wp\/v2\/posts"}],"about":[{"href":"https:\/\/puntacanatvrd.com\/web\/wp-json\/wp\/v2\/types\/post"}],"author":[{"embeddable":true,"href":"https:\/\/puntacanatvrd.com\/web\/wp-json\/wp\/v2\/users\/1"}],"replies":[{"embeddable":true,"href":"https:\/\/puntacanatvrd.com\/web\/wp-json\/wp\/v2\/comments?post=2754"}],"version-history":[{"count":0,"href":"https:\/\/puntacanatvrd.com\/web\/wp-json\/wp\/v2\/posts\/2754\/revisions"}],"wp:featuredmedia":[{"embeddable":true,"href":"https:\/\/puntacanatvrd.com\/web\/wp-json\/"}],"wp:attachment":[{"href":"https:\/\/puntacanatvrd.com\/web\/wp-json\/wp\/v2\/media?parent=2754"}],"wp:term":[{"taxonomy":"category","embeddable":true,"href":"https:\/\/puntacanatvrd.com\/web\/wp-json\/wp\/v2\/categories?post=2754"},{"taxonomy":"post_tag","embeddable":true,"href":"https:\/\/puntacanatvrd.com\/web\/wp-json\/wp\/v2\/tags?post=2754"}],"curies":[{"name":"wp","href":"https:\/\/api.w.org\/{rel}","templated":true}]}}