{"id":2532,"date":"2020-12-31T13:20:58","date_gmt":"2020-12-31T17:20:58","guid":{"rendered":"https:\/\/tvoriental.com\/?p=2434"},"modified":"2020-12-31T13:20:58","modified_gmt":"2020-12-31T17:20:58","slug":"edwin-encarnacion-medina-renuncio-como-fiscal-titular-de-la-altagracia","status":"publish","type":"post","link":"https:\/\/puntacanatvrd.com\/web\/edwin-encarnacion-medina-renuncio-como-fiscal-titular-de-la-altagracia\/","title":{"rendered":"Edwin Encarnaci\u00f3n Medina renunci\u00f3 como fiscal titular de La Altagracia"},"content":{"rendered":"\n<p class=\"has-text-align-justify\"><strong>Hig\u00fcey.<\/strong>-. Luego de seis a\u00f1os en funciones Edwin Encarnaci\u00f3n Medina renunci\u00f3 como fiscal titular de la provincia La Altagracia.<\/p>\n\n\n\n<p class=\"has-text-align-justify\">En una reuni\u00f3n de despedida con el personal de la fiscal\u00eda de Hig\u00fcey, Encarnaci\u00f3n Medina agradeci\u00f3 el apoyo recibido y deseo a todos un A\u00f1o Nuevo cargado de bendiciones.<\/p>\n\n\n\n<p class=\"has-text-align-justify\">Asimismo, valor\u00f3 el respaldo de la comunidad altagraciana, apoyo que fue determinante para el \u00e9xito alcanzado.<\/p>\n\n\n\n<p class=\"has-text-align-justify\">Edwin Encarnaci\u00f3n Medina exhort\u00f3 a los ciudadanos a respetar las medidas de distanciamiento f\u00edsico dispuestas por las autoridades para detener el avance del COVID 19, evitar los disparos al aire durante las fiestas de fin de a\u00f1o y as\u00ed como los excesos en sentido general.<\/p>\n\n\n\n<p class=\"has-text-align-justify\">Como fiscal titular interino de la provincia La Altagracia fungir\u00e1 a partir del lunes V\u00edctor Padua Camacho.<br \/><\/p>\n","protected":false},"excerpt":{"rendered":"<p>Hig\u00fcey.-. Luego de seis a\u00f1os en funciones Edwin Encarnaci\u00f3n Medina renunci\u00f3 como fiscal titular de la provincia La Altagracia. En una reuni\u00f3n de despedida con el personal de la fiscal\u00eda&hellip;<\/p>\n","protected":false},"author":1,"featured_media":2441,"comment_status":"open","ping_status":"open","sticky":false,"template":"","format":"standard","meta":{"footnotes":""},"categories":[282],"tags":[702,456],"class_list":["post-2532","post","type-post","status-publish","format-standard","has-post-thumbnail","hentry","category-la-altagracia","tag-edwin-encarnacion-medina","tag-fiscalia-de-higuey"],"_links":{"self":[{"href":"https:\/\/puntacanatvrd.com\/web\/wp-json\/wp\/v2\/posts\/2532","targetHints":{"allow":["GET"]}}],"collection":[{"href":"https:\/\/puntacanatvrd.com\/web\/wp-json\/wp\/v2\/posts"}],"about":[{"href":"https:\/\/puntacanatvrd.com\/web\/wp-json\/wp\/v2\/types\/post"}],"author":[{"embeddable":true,"href":"https:\/\/puntacanatvrd.com\/web\/wp-json\/wp\/v2\/users\/1"}],"replies":[{"embeddable":true,"href":"https:\/\/puntacanatvrd.com\/web\/wp-json\/wp\/v2\/comments?post=2532"}],"version-history":[{"count":0,"href":"https:\/\/puntacanatvrd.com\/web\/wp-json\/wp\/v2\/posts\/2532\/revisions"}],"wp:featuredmedia":[{"embeddable":true,"href":"https:\/\/puntacanatvrd.com\/web\/wp-json\/"}],"wp:attachment":[{"href":"https:\/\/puntacanatvrd.com\/web\/wp-json\/wp\/v2\/media?parent=2532"}],"wp:term":[{"taxonomy":"category","embeddable":true,"href":"https:\/\/puntacanatvrd.com\/web\/wp-json\/wp\/v2\/categories?post=2532"},{"taxonomy":"post_tag","embeddable":true,"href":"https:\/\/puntacanatvrd.com\/web\/wp-json\/wp\/v2\/tags?post=2532"}],"curies":[{"name":"wp","href":"https:\/\/api.w.org\/{rel}","templated":true}]}}