{"id":2467,"date":"2020-10-11T14:11:58","date_gmt":"2020-10-11T18:11:58","guid":{"rendered":"http:\/\/tvoriental.com\/?p=140"},"modified":"2020-10-11T14:11:58","modified_gmt":"2020-10-11T18:11:58","slug":"presidente-solicita-otra-prorroga-al-estado-de-emergencia","status":"publish","type":"post","link":"https:\/\/puntacanatvrd.com\/web\/presidente-solicita-otra-prorroga-al-estado-de-emergencia\/","title":{"rendered":"Presidente solicita otra pr\u00f3rroga al estado de emergencia"},"content":{"rendered":"\n<p class=\"has-text-align-justify\"><strong>Santo Domingo.-.<\/strong> El presidente de la Rep\u00fablica solicit\u00f3 al Congreso Nacional una nueva pr\u00f3rroga del estado de emergencia por 45 d\u00edas m\u00e1s para combatir la pandemia del COVID-19 y la reapertura gradual de la econom\u00eda.<\/p>\n\n\n\n<p class=\"has-text-align-justify\">En el documento recibido el pasado viernes por el presidente de la C\u00e1mara de Diputados, Alfredo Pacheco, Luis Abinader establece que \u201csi bien se ha logrado contener el contagio de la enfermedad gracias a las medidas adoptadas durante el estado de emergencia, todav\u00eda es necesario mantener algunas de estas para asegurar una reapertura econ\u00f3mica y social ordenada\u201d.<\/p>\n\n\n\n<p class=\"has-text-align-justify\">\u201cDe esta forma, evitaremos tener que retomar algunas de las medidas m\u00e1s severas y, tan pronto las circunstancias lo permitan, podremos flexibilizar gradualmente las medidas de distanciamiento social, tal y como se procur\u00f3, por ejemplo, mediante el Decreto N\u00fam. 504-20 del 28 de septiembre, el cual vari\u00f3 el horario del toque de queda de acuerdo con la evoluci\u00f3n de la pandemia\u201d, afirma el presidente de la Rep\u00fablica.<\/p>\n\n\n\n<p class=\"has-text-align-justify\">Abinader, destaca en el documento que es necesario seguir implementando el toque de queda debido a que tanto la Organizaci\u00f3n Mundial de la Salud, la Organizaci\u00f3n Panamericana de la Salud y otros organismos especializados, establecen que el distanciamiento social es una de las medidas m\u00e1s efectivas para evitar la propagaci\u00f3n de la pandemia.<\/p>\n\n\n\n<p class=\"has-text-align-justify\">\u201cDurante la vigencia de este estado de excepci\u00f3n continuar\u00e9 rindiendo los informes quincenales al Congreso Nacional. Espero pues, que los honorables legisladores impartan su voto de aprobaci\u00f3n sobre esta importante solicitud sometida a su consideraci\u00f3n\u201d, concluye la carta de solicitud.<\/p>\n","protected":false},"excerpt":{"rendered":"<p>Santo Domingo.-. El presidente de la Rep\u00fablica solicit\u00f3 al Congreso Nacional una nueva pr\u00f3rroga del estado de emergencia por 45 d\u00edas m\u00e1s para combatir la pandemia del COVID-19 y la&hellip;<\/p>\n","protected":false},"author":1,"featured_media":0,"comment_status":"open","ping_status":"open","sticky":false,"template":"","format":"standard","meta":{"footnotes":""},"categories":[270],"tags":[320,328],"class_list":["post-2467","post","type-post","status-publish","format-standard","hentry","category-nacionales","tag-estado-de-emergencia","tag-luis-abinader"],"_links":{"self":[{"href":"https:\/\/puntacanatvrd.com\/web\/wp-json\/wp\/v2\/posts\/2467","targetHints":{"allow":["GET"]}}],"collection":[{"href":"https:\/\/puntacanatvrd.com\/web\/wp-json\/wp\/v2\/posts"}],"about":[{"href":"https:\/\/puntacanatvrd.com\/web\/wp-json\/wp\/v2\/types\/post"}],"author":[{"embeddable":true,"href":"https:\/\/puntacanatvrd.com\/web\/wp-json\/wp\/v2\/users\/1"}],"replies":[{"embeddable":true,"href":"https:\/\/puntacanatvrd.com\/web\/wp-json\/wp\/v2\/comments?post=2467"}],"version-history":[{"count":0,"href":"https:\/\/puntacanatvrd.com\/web\/wp-json\/wp\/v2\/posts\/2467\/revisions"}],"wp:attachment":[{"href":"https:\/\/puntacanatvrd.com\/web\/wp-json\/wp\/v2\/media?parent=2467"}],"wp:term":[{"taxonomy":"category","embeddable":true,"href":"https:\/\/puntacanatvrd.com\/web\/wp-json\/wp\/v2\/categories?post=2467"},{"taxonomy":"post_tag","embeddable":true,"href":"https:\/\/puntacanatvrd.com\/web\/wp-json\/wp\/v2\/tags?post=2467"}],"curies":[{"name":"wp","href":"https:\/\/api.w.org\/{rel}","templated":true}]}}