{"id":2455,"date":"2020-10-07T17:07:04","date_gmt":"2020-10-07T21:07:04","guid":{"rendered":"http:\/\/tvoriental.com\/?p=47"},"modified":"2020-10-07T17:07:04","modified_gmt":"2020-10-07T21:07:04","slug":"investigan-caso-joven-encontrado-muerto-en-la-romana","status":"publish","type":"post","link":"https:\/\/puntacanatvrd.com\/web\/investigan-caso-joven-encontrado-muerto-en-la-romana\/","title":{"rendered":"Investigan caso joven encontrado muerto en La Romana"},"content":{"rendered":"\n<p>Un hombre de 25 a\u00f1os fue encontrado muerto, con un disparo en el hemit\u00f3rax derecho, la madrugada de este martes en el callej\u00f3n de una vivienda en construcci\u00f3n situada en el centro de La Romana.<\/p>\n\n\n\n<p>La v\u00edctima fue identificada como Pedro David Ubiera Cah, alias \u201cArgenis\u201d, quien resid\u00eda en la calle sexta del sector Villa Pereyra, en la referida provincia.<\/p>\n\n\n\n<p>La Polic\u00eda Nacional recibi\u00f3 la informaci\u00f3n de que el occiso fue perseguido por desconocidos luego de, supuestamente, haber intentado penetrar a una residencia, hasta el momento desconocida para las autoridades.<\/p>\n\n\n\n<p>Cuando fue registrado, \u201cArgenis\u201d ten\u00eda en el bolsillo trasero izquierdo de su pantal\u00f3n una pipa para inhalar sustancias controladas.<\/p>\n\n\n\n<p>El hallazgo del cad\u00e1ver se produjo poco antes de la 1:00 de la madrugada, en el citado callej\u00f3n de la calle Gregorio Luper\u00f3n casi esquina Espaillat. En el levantamiento participaron el fiscal V\u00edctor Enrique Henr\u00edquez Gil, el capit\u00e1n policial V\u00edctor Dom\u00ednguez y el m\u00e9dico legista Benito Kelly.<\/p>\n\n\n\n<p>El hoy occiso figura en los archivos policiales con antecedentes por robo<\/p>\n","protected":false},"excerpt":{"rendered":"<p>Un hombre de 25 a\u00f1os fue encontrado muerto, con un disparo en el hemit\u00f3rax derecho, la madrugada de este martes en el callej\u00f3n de una vivienda en construcci\u00f3n situada en&hellip;<\/p>\n","protected":false},"author":1,"featured_media":0,"comment_status":"open","ping_status":"open","sticky":false,"template":"","format":"standard","meta":{"footnotes":""},"categories":[1],"tags":[288,357],"class_list":["post-2455","post","type-post","status-publish","format-standard","hentry","category-uncategorized","tag-la-romana","tag-policia-nacional"],"_links":{"self":[{"href":"https:\/\/puntacanatvrd.com\/web\/wp-json\/wp\/v2\/posts\/2455","targetHints":{"allow":["GET"]}}],"collection":[{"href":"https:\/\/puntacanatvrd.com\/web\/wp-json\/wp\/v2\/posts"}],"about":[{"href":"https:\/\/puntacanatvrd.com\/web\/wp-json\/wp\/v2\/types\/post"}],"author":[{"embeddable":true,"href":"https:\/\/puntacanatvrd.com\/web\/wp-json\/wp\/v2\/users\/1"}],"replies":[{"embeddable":true,"href":"https:\/\/puntacanatvrd.com\/web\/wp-json\/wp\/v2\/comments?post=2455"}],"version-history":[{"count":0,"href":"https:\/\/puntacanatvrd.com\/web\/wp-json\/wp\/v2\/posts\/2455\/revisions"}],"wp:attachment":[{"href":"https:\/\/puntacanatvrd.com\/web\/wp-json\/wp\/v2\/media?parent=2455"}],"wp:term":[{"taxonomy":"category","embeddable":true,"href":"https:\/\/puntacanatvrd.com\/web\/wp-json\/wp\/v2\/categories?post=2455"},{"taxonomy":"post_tag","embeddable":true,"href":"https:\/\/puntacanatvrd.com\/web\/wp-json\/wp\/v2\/tags?post=2455"}],"curies":[{"name":"wp","href":"https:\/\/api.w.org\/{rel}","templated":true}]}}