{"id":2424,"date":"2020-12-30T11:38:30","date_gmt":"2020-12-30T15:38:30","guid":{"rendered":"https:\/\/tvoriental.com\/?p=2424"},"modified":"2020-12-30T11:38:30","modified_gmt":"2020-12-30T15:38:30","slug":"vehiculo-policial-mata-menor-durante-persecusion-en-sabana-de-la-mar","status":"publish","type":"post","link":"https:\/\/puntacanatvrd.com\/web\/vehiculo-policial-mata-menor-durante-persecusion-en-sabana-de-la-mar\/","title":{"rendered":"Veh\u00edculo policial mata menor  durante persecusi\u00f3n en Sabana de la Mar"},"content":{"rendered":"\n<p class=\"has-text-align-justify\"> Una menor de 14 a\u00f1os muri\u00f3 y una t\u00eda result\u00f3 herida tras ser atropellada por una camioneta de la polic\u00eda que daba persecuci\u00f3n a supuestos delincuentes en Sabana de la Mar.<\/p>\n\n\n\n<p class=\"has-text-align-justify\">La adolescente solo identificada Rosaura Bueno Santana (Thal\u00eda(,&nbsp; fue atropellada justo cuando llegaba a la tienda de venta de ropas de su madre, en la avenida Diego de Lira, que logr\u00f3 verla caer al pavimento.<\/p>\n\n\n\n<p class=\"has-text-align-justify\">La joven andaba con una t\u00eda en una motocicleta al momento del tr\u00e1gico hecho. La t\u00eda sufri\u00f3 fracturas de sus dos piernas.<\/p>\n\n\n\n<p class=\"has-text-align-justify\">La unidad policial lleg\u00f3 a&nbsp; socorrer a la v\u00edctima y la se\u00f1ora y llevarla al hospital, pero la adolescente lleg\u00f3 muerta.<\/p>\n\n\n\n<p class=\"has-text-align-justify\">El cuerpo sin vida de la adolescente fue depositado en la morgue del hospital Se\u00f1orita Elupina Cordero, a espera de ser examinada por el legista Santini Calder\u00f3n Gast\u00f3n, que vive en Hato Mayor del Rey, a 45 kil\u00f3metros al sur de Sabana de la Mar.<\/p>\n\n\n\n<p class=\"has-text-align-justify\">La herida fue referida al hospital regional Antonio Musa, en San Pedro de Macros,\u00a0 a 81 al sur de Sabana de la Mar.<\/p>\n\n\n\n<p>Fuente: Manuel Vega <\/p>\n","protected":false},"excerpt":{"rendered":"<p>Una menor de 14 a\u00f1os muri\u00f3 y una t\u00eda result\u00f3 herida tras ser atropellada por una camioneta de la polic\u00eda que daba persecuci\u00f3n a supuestos delincuentes en Sabana de la&hellip;<\/p>\n","protected":false},"author":1,"featured_media":2425,"comment_status":"open","ping_status":"open","sticky":false,"template":"","format":"standard","meta":{"footnotes":""},"categories":[1],"tags":[357,377],"class_list":["post-2424","post","type-post","status-publish","format-standard","has-post-thumbnail","hentry","category-uncategorized","tag-policia-nacional","tag-sabana-de-la-mar"],"_links":{"self":[{"href":"https:\/\/puntacanatvrd.com\/web\/wp-json\/wp\/v2\/posts\/2424","targetHints":{"allow":["GET"]}}],"collection":[{"href":"https:\/\/puntacanatvrd.com\/web\/wp-json\/wp\/v2\/posts"}],"about":[{"href":"https:\/\/puntacanatvrd.com\/web\/wp-json\/wp\/v2\/types\/post"}],"author":[{"embeddable":true,"href":"https:\/\/puntacanatvrd.com\/web\/wp-json\/wp\/v2\/users\/1"}],"replies":[{"embeddable":true,"href":"https:\/\/puntacanatvrd.com\/web\/wp-json\/wp\/v2\/comments?post=2424"}],"version-history":[{"count":0,"href":"https:\/\/puntacanatvrd.com\/web\/wp-json\/wp\/v2\/posts\/2424\/revisions"}],"wp:featuredmedia":[{"embeddable":true,"href":"https:\/\/puntacanatvrd.com\/web\/wp-json\/"}],"wp:attachment":[{"href":"https:\/\/puntacanatvrd.com\/web\/wp-json\/wp\/v2\/media?parent=2424"}],"wp:term":[{"taxonomy":"category","embeddable":true,"href":"https:\/\/puntacanatvrd.com\/web\/wp-json\/wp\/v2\/categories?post=2424"},{"taxonomy":"post_tag","embeddable":true,"href":"https:\/\/puntacanatvrd.com\/web\/wp-json\/wp\/v2\/tags?post=2424"}],"curies":[{"name":"wp","href":"https:\/\/api.w.org\/{rel}","templated":true}]}}