{"id":224,"date":"2020-10-14T17:14:34","date_gmt":"2020-10-14T21:14:34","guid":{"rendered":"http:\/\/tvoriental.com\/?p=224"},"modified":"2020-10-14T17:14:34","modified_gmt":"2020-10-14T21:14:34","slug":"gobierno-brindara-auxilio-a-productores-de-la-provincia-la-altagracia","status":"publish","type":"post","link":"https:\/\/puntacanatvrd.com\/web\/gobierno-brindara-auxilio-a-productores-de-la-provincia-la-altagracia\/","title":{"rendered":"Gobierno brindar\u00e1 auxilio a productores de la provincia La Altagracia"},"content":{"rendered":"\n<p class=\"has-text-align-justify\">El Gobierno a trav\u00e9s del Ministerio de Agricultura brindar\u00e1 auxilio a los productores agr\u00edcolas y pecuarios de la zona Este del pa\u00eds mediante facilidades de cr\u00e9ditos, mejoramiento gen\u00e9tico, obras de infraestructuras y otras medidas que buscan impulsar y garantizar la producci\u00f3n agropecuaria de esa demarcaci\u00f3n.<\/p>\n\n\n\n<p class=\"has-text-align-justify\">El ministro de Agricultura, Limber Cruz, visit\u00f3 varias comunidades de la provincia La Altagracia, donde conoci\u00f3 la realidad de los productores y asegur\u00f3 que proveer\u00e1 el apoyo que necesitan a nivel econ\u00f3mico y t\u00e9cnico para mejorar su rentabilidad.<\/p>\n\n\n\n<p class=\"has-text-align-justify\">\u201cEstamos trabajando d\u00eda y noche para mejorar la agropecuaria que tanto lo necesita y para eso disponemos de cinco mil millones de pesos a tasa cero para los sectores productivos; estamos informando a los productores sobre los procesos para el acceso a estos fondos&#8230; lo que queremos es garantizar la seguridad alimentaria del pa\u00eds\u201d, indic\u00f3.<\/p>\n\n\n\n<p class=\"has-text-align-justify\">El titular agropecuario recorri\u00f3 junto al administrador general de Banco Agr\u00edcola, Fernando Dur\u00e1n, el director Regional Este, Fausto Tejeda y varias comisiones de entidades ligadas al sector, las comunidades de Hig\u00fcey, Punta Cana, B\u00e1varo y San Rafael del Yuma, partiendo desde las instalaciones de la oficina Regional Este de Agricultura.<\/p>\n\n\n\n<p class=\"has-text-align-justify\">Durante el recorrido supervisaron las intervenciones que realiza el Ministerio en control y erradicaci\u00f3n de plagas a trav\u00e9s de los programas MOSCAFRUT y CARACOGAF, que manejan brotes como la mosca del Mediterr\u00e1neo (Ceratitis capitata, Wiedemann), el caracol gigante africano y la moniliasis del cacao (Moniliophthora roreri).<\/p>\n\n\n\n<p><strong>Visitas productores<\/strong><\/p>\n\n\n\n<p class=\"has-text-align-justify\">En su visita al Este, se trasladaron a la comunidad Laguna de Nisib\u00f3n, Hig\u00fcey, en donde la comisi\u00f3n se reuni\u00f3 con parceleros que mostraron el estado de unas 100 mil tareas de cultivo de arroz que fueron inundadas por el r\u00edo Maim\u00f3n durante las \u00faltimas lluvias registradas en la zona.<\/p>\n\n\n\n<p class=\"has-text-align-justify\">El ministro Limber Cruz dispuso varias obras en la comunidad, entre ellas la construcci\u00f3n de un dique y la limpieza de los drenajes para evitar que el afluente se desborde nuevamente, adem\u00e1s, anunci\u00f3 se acondicionar\u00e1n los caminos vecinales.<\/p>\n\n\n\n<p class=\"has-text-align-justify\">En la comunidad El Bonao, de Hig\u00fcey, convers\u00f3 con productores de cacao sobre las mejoras que realizar\u00e1n en las plantaciones y acord\u00f3 asesor\u00eda t\u00e9cnica de los agricultores para aumentar la producci\u00f3n y el adecuado combate de enfermedades, como la Monilia.<\/p>\n\n\n\n<p class=\"has-text-align-justify\">Cruz inform\u00f3, \u201cestamos comprando semillas certificadas y de calidad para todos los productores de cacao del pa\u00eds, las mismas ser\u00e1n facilitadas con tiempo para que haya una producci\u00f3n importante en toda la Rep\u00fablica Dominicana\u201d.<\/p>\n","protected":false},"excerpt":{"rendered":"<p>El Gobierno a trav\u00e9s del Ministerio de Agricultura brindar\u00e1 auxilio a los productores agr\u00edcolas y pecuarios de la zona Este del pa\u00eds mediante facilidades de cr\u00e9ditos, mejoramiento gen\u00e9tico, obras de&hellip;<\/p>\n","protected":false},"author":1,"featured_media":0,"comment_status":"open","ping_status":"open","sticky":false,"template":"","format":"standard","meta":{"footnotes":""},"categories":[282],"tags":[330,296],"class_list":["post-224","post","type-post","status-publish","format-standard","hentry","category-la-altagracia","tag-ministerio-de-agricultura","tag-san-rafael-del-yuma"],"_links":{"self":[{"href":"https:\/\/puntacanatvrd.com\/web\/wp-json\/wp\/v2\/posts\/224","targetHints":{"allow":["GET"]}}],"collection":[{"href":"https:\/\/puntacanatvrd.com\/web\/wp-json\/wp\/v2\/posts"}],"about":[{"href":"https:\/\/puntacanatvrd.com\/web\/wp-json\/wp\/v2\/types\/post"}],"author":[{"embeddable":true,"href":"https:\/\/puntacanatvrd.com\/web\/wp-json\/wp\/v2\/users\/1"}],"replies":[{"embeddable":true,"href":"https:\/\/puntacanatvrd.com\/web\/wp-json\/wp\/v2\/comments?post=224"}],"version-history":[{"count":0,"href":"https:\/\/puntacanatvrd.com\/web\/wp-json\/wp\/v2\/posts\/224\/revisions"}],"wp:attachment":[{"href":"https:\/\/puntacanatvrd.com\/web\/wp-json\/wp\/v2\/media?parent=224"}],"wp:term":[{"taxonomy":"category","embeddable":true,"href":"https:\/\/puntacanatvrd.com\/web\/wp-json\/wp\/v2\/categories?post=224"},{"taxonomy":"post_tag","embeddable":true,"href":"https:\/\/puntacanatvrd.com\/web\/wp-json\/wp\/v2\/tags?post=224"}],"curies":[{"name":"wp","href":"https:\/\/api.w.org\/{rel}","templated":true}]}}