{"id":1622,"date":"2020-12-14T12:27:35","date_gmt":"2020-12-14T16:27:35","guid":{"rendered":"https:\/\/tvoriental.com\/?p=1622"},"modified":"2020-12-14T12:27:35","modified_gmt":"2020-12-14T16:27:35","slug":"luis-abinader-recorrio-el-dreams-palm-beach-punta-cana","status":"publish","type":"post","link":"https:\/\/puntacanatvrd.com\/web\/luis-abinader-recorrio-el-dreams-palm-beach-punta-cana\/","title":{"rendered":"Luis Abinader recorri\u00f3 el Dreams Palm Beach Punta Cana"},"content":{"rendered":"\n<p class=\"has-text-align-justify\">El presidente de la Rep\u00fablica, Luis Abinader, y el ministro de Turismo, David Collado, visitaron las instalaciones Dreams Palm Beach Punta Cana, donde conocieron sus espacios en compa\u00f1\u00eda de los ejecutivos de la cadena AMResorts y el hotel.<\/p>\n\n\n\n<p class=\"has-text-align-justify\">Este recorrido fue dirigido por Daniel Hern\u00e1ndez, vicepresidente regional de operaciones en el pa\u00eds de AMResorts; Roberto Garrido, representante de la propiedad, entre otros directivos.<\/p>\n\n\n\n<p class=\"has-text-align-justify\">La agenda incluy\u00f3 el tradicional corte de cinta que dio reapertura formal del complejo y finaliz\u00f3 con un \u00edntimo c\u00f3ctel con la asistencia de Luis N\u00fa\u00f1ez, director comercial regional de AMResorts; Denis Rosario, director Financiero AMResorts para Rep\u00fablica Dominicana, y Valter Espinoza, gerente general del hotel.<\/p>\n\n\n\n<p><img decoding=\"async\" class=\"wp-image-1624\" style=\"width: 500px;\" src=\"https:\/\/tvoriental.com\/wp-content\/uploads\/2020\/12\/Ruben-Caraballo-Jorge-Puente-y-Carlos-Medrano.-1140x815-1-1-1.jpg\" alt=\"\"><\/p>\n\n\n\n<p class=\"has-text-align-justify\">Como invitados especiales estuvieron presentes Martina Pep\u00e9n, gobernadora de La Altagracia; Ernesto Veloz, presidente de la Asociaci\u00f3n de Hoteles y Proyectos Tur\u00edsticos del Este (Asoleste); Andr\u00e9s Marranzini, vicepresidente ejecutivo de Asonahores; Deyanira Papaterra, de la direcci\u00f3n de negocios tur\u00edsticos del Banco de Reservas, entre otros.<\/p>\n\n\n\n<p class=\"has-text-align-justify\">El Dreams Palm Beach Punta Cana posee 500 lujosas habitaciones y suites con una hermosa vista al mar Caribe o exuberantes jardines, con servicio al cuarto las 24 horas; cinco restaurantes gourmet con servicio a la carta, siete bares, entre muchas otras cualidades.<\/p>\n","protected":false},"excerpt":{"rendered":"<p>El presidente de la Rep\u00fablica, Luis Abinader, y el ministro de Turismo, David Collado, visitaron las instalaciones Dreams Palm Beach Punta Cana, donde conocieron sus espacios en compa\u00f1\u00eda de los&hellip;<\/p>\n","protected":false},"author":1,"featured_media":0,"comment_status":"open","ping_status":"open","sticky":false,"template":"","format":"standard","meta":{"footnotes":""},"categories":[282,293],"tags":[591,508],"class_list":["post-1622","post","type-post","status-publish","format-standard","hentry","category-la-altagracia","category-turismo","tag-dreams-palm-beach-de-punta-cana","tag-reapertura-del-turismo"],"_links":{"self":[{"href":"https:\/\/puntacanatvrd.com\/web\/wp-json\/wp\/v2\/posts\/1622","targetHints":{"allow":["GET"]}}],"collection":[{"href":"https:\/\/puntacanatvrd.com\/web\/wp-json\/wp\/v2\/posts"}],"about":[{"href":"https:\/\/puntacanatvrd.com\/web\/wp-json\/wp\/v2\/types\/post"}],"author":[{"embeddable":true,"href":"https:\/\/puntacanatvrd.com\/web\/wp-json\/wp\/v2\/users\/1"}],"replies":[{"embeddable":true,"href":"https:\/\/puntacanatvrd.com\/web\/wp-json\/wp\/v2\/comments?post=1622"}],"version-history":[{"count":0,"href":"https:\/\/puntacanatvrd.com\/web\/wp-json\/wp\/v2\/posts\/1622\/revisions"}],"wp:attachment":[{"href":"https:\/\/puntacanatvrd.com\/web\/wp-json\/wp\/v2\/media?parent=1622"}],"wp:term":[{"taxonomy":"category","embeddable":true,"href":"https:\/\/puntacanatvrd.com\/web\/wp-json\/wp\/v2\/categories?post=1622"},{"taxonomy":"post_tag","embeddable":true,"href":"https:\/\/puntacanatvrd.com\/web\/wp-json\/wp\/v2\/tags?post=1622"}],"curies":[{"name":"wp","href":"https:\/\/api.w.org\/{rel}","templated":true}]}}