{"id":1581,"date":"2020-12-12T14:03:40","date_gmt":"2020-12-12T18:03:40","guid":{"rendered":"https:\/\/tvoriental.com\/?p=1581"},"modified":"2020-12-12T14:03:40","modified_gmt":"2020-12-12T18:03:40","slug":"punta-cana-abinader-reconoce-apoyo-sector-privado-con-marca-pais","status":"publish","type":"post","link":"https:\/\/puntacanatvrd.com\/web\/punta-cana-abinader-reconoce-apoyo-sector-privado-con-marca-pais\/","title":{"rendered":"Punta Cana: Abinader reconoce apoyo sector privado con Marca Pa\u00eds"},"content":{"rendered":"\n<p class=\"has-text-align-justify\">El presidente Luis Abinader defini\u00f3 como esperanzador el compromiso que el sector privado mantiene con la defensa de la Marca Pa\u00eds de Rep\u00fablica Dominicana.<\/p>\n\n\n\n<p class=\"has-text-align-justify\">El mandatario se expres\u00f3 en esos t\u00e9rminos al participar en el panel Marca Pa\u00eds, realizado en Punta Cana, provincia La Altagracia.<\/p>\n\n\n\n<p class=\"has-text-align-justify\">\"Gracias a todos por unirse con entrega a esta batalla, y ser parte de un todo, que es mucho m\u00e1s grande que cada uno de nosotros, haciendo posible que cada vez m\u00e1s dominicanos y dominicanas construyan sus propios para\u00edsos y sean reconocidos como ciudadanos respetables de la Rep\u00fablica del Mundo\", se\u00f1al\u00f3 el mandatario.<\/p>\n\n\n\n<p class=\"has-text-align-justify\">A su juicio, cada d\u00eda es una oportunidad para construir un mejor futuro, \"y aqu\u00ed estamos demostrando que no lo vamos a desaprovechar\".<\/p>\n\n\n\n<p class=\"has-text-align-justify\">Durante su intervenci\u00f3n en el evento, el presidente Abinader manifest\u00f3 que no hay d\u00eda ni hora para seguir construyendo una consciencia colectiva, por lo que afirm\u00f3 que el gran objetivo es elevar el sentido de pertenencia y amor por lo que somos.<\/p>\n\n\n\n<p class=\"has-text-align-justify\">\"Y llenos de orgullo poder mostrar al mundo que somos alegr\u00eda, calidad, actitud, respeto y creatividad\", precis\u00f3 el mandatario.<\/p>\n\n\n\n<p class=\"has-text-align-justify\">El jefe de Estado agreg\u00f3 adem\u00e1s que, \"es ese compromiso con l\u00edderes, m\u00e1rtires y su descendencia, as\u00ed como con cada dominicano alegre, que me da la fuerza todos los d\u00edas para levantarme y agotar jornadas de 14 horas diarias, que van dando forma y construyendo un cambio positivo para todos\".<\/p>\n\n\n\n<p class=\"has-text-align-justify\">Expres\u00f3 tambi\u00e9n que, la COVID-19 una vez m\u00e1s demostr\u00f3 que nuestro futuro y el del mundo es una gran partida de ajedrez, donde si no est\u00e1s atento te ponen en jaque y pierdes el torneo.<\/p>\n\n\n\n<p class=\"has-text-align-justify\">\"Fueron muchos los que pusieron su esfuerzo, sus riquezas, su vida y su alma, para que hoy todos los aqu\u00ed presente tengamos la oportunidad de decir: Somos ese pa\u00eds del mundo ubicado en el mismo trayecto del Sol\".<\/p>\n\n\n\n<p class=\"has-text-align-justify\">De su lado, el ministro de Turismo, David Collado dijo que ahora en la presente gesti\u00f3n de Gobierno la Marca Pa\u00eds tiene quien la proteja y s\u00ed hay un trabajo de corto, mediano y largo plazo.<\/p>\n\n\n\n<p class=\"has-text-align-justify\">Sostuvo que la comisi\u00f3n multisectorial que design\u00f3 el presidente para manejar la marca pa\u00eds, est\u00e1 conformada por hombres y mujeres guerreros.<\/p>\n\n\n\n<p class=\"has-text-align-justify\">Asegur\u00f3 que con la Marca Pa\u00eds se recuperar\u00e1 el orgullo de ser dominicanos y har\u00e1 que nos sintamos que Rep\u00fablica Dominicana es de todos.<\/p>\n\n\n\n<p class=\"has-text-align-justify\">Del mismo modo, Collado valor\u00f3 el trabajo que el presidente Abinader viene realizando a favor del turismo para sacar a la naci\u00f3n adelante.<\/p>\n\n\n\n<p class=\"has-text-align-justify\">La vicepresidenta Senior de marketing, relaciones p\u00fablicas y comunicaciones del Grupo Puntacana, Paola Rainieri, al dar la bienvenida consider\u00f3 que la Rep\u00fablica Dominicana lo tiene todo y es una naci\u00f3n bendecida.<\/p>\n\n\n\n<p class=\"has-text-align-justify\">Entre los panelistas que participaron en la actividad estuvieron Freddy Dom\u00ednguez, vicepresidente para Latinoam\u00e9rica y el Caribe de Expedia Group y Francisco Ram\u00edrez, vicepresidente ejecutivo de negocios personales y sucursales del Banco Popular Dominicano.<\/p>\n\n\n\n<p class=\"has-text-align-justify\">Tambi\u00e9n, C\u00e1ndida Hern\u00e1ndez, directora de marketing de la Cervecer\u00eda Nacional Dominicana\/ABInPev y Jos\u00e9 Guillermo D\u00edaz,&nbsp; cofundador\/director Miami Ad School Punta Cana.<\/p>\n\n\n\n<p class=\"has-text-align-justify\">En el evento estuvieron presentes el ministro Administrativo de la Presidencia, Jos\u00e9 Ignacio Paliza; el presidente Senior del Grupo Punta Cana, Frank Rainieri y la presidenta ejecutiva del Grupo SID y coordinadora del sector privado de la Comisi\u00f3n Multisectorial Marca Pa\u00eds, Ligia Bonetti.<\/p>\n\n\n\n<p class=\"has-text-align-justify\">Asimismo, el empresario, Juan Vicini; la directora de ProDominicana, Viviana Riveiro; el vicepresidente Senior de negocios del Grupo Puntacana, Frank El\u00edas Rainieri; la&nbsp; vicepresidenta Senior de finanzas del Grupo Puntacana, Franchesca Rainieri y el asesor de Turismo, Rafael (Papo) Blanco.<\/p>\n\n\n\n<p class=\"has-text-align-justify\">Tambi\u00e9n los empresarios, Ernesto Veloz y Sim\u00f3n Suarez, entre otros actores del sector turismo.<\/p>\n\n\n\n<p class=\"has-text-align-justify\">La actividad fue llevada a cabo en La Cana Golf &amp; Beach Club, en Punta Cana y forma parte de un recorrido de trabajo que realiza el mandatario en este polo tur\u00edstico de la regi\u00f3n este del pa\u00eds.<\/p>\n","protected":false},"excerpt":{"rendered":"<p>El presidente Luis Abinader defini\u00f3 como esperanzador el compromiso que el sector privado mantiene con la defensa de la Marca Pa\u00eds de Rep\u00fablica Dominicana. El mandatario se expres\u00f3 en esos&hellip;<\/p>\n","protected":false},"author":1,"featured_media":0,"comment_status":"open","ping_status":"open","sticky":false,"template":"","format":"standard","meta":{"footnotes":""},"categories":[293],"tags":[328],"class_list":["post-1581","post","type-post","status-publish","format-standard","hentry","category-turismo","tag-luis-abinader"],"_links":{"self":[{"href":"https:\/\/puntacanatvrd.com\/web\/wp-json\/wp\/v2\/posts\/1581","targetHints":{"allow":["GET"]}}],"collection":[{"href":"https:\/\/puntacanatvrd.com\/web\/wp-json\/wp\/v2\/posts"}],"about":[{"href":"https:\/\/puntacanatvrd.com\/web\/wp-json\/wp\/v2\/types\/post"}],"author":[{"embeddable":true,"href":"https:\/\/puntacanatvrd.com\/web\/wp-json\/wp\/v2\/users\/1"}],"replies":[{"embeddable":true,"href":"https:\/\/puntacanatvrd.com\/web\/wp-json\/wp\/v2\/comments?post=1581"}],"version-history":[{"count":0,"href":"https:\/\/puntacanatvrd.com\/web\/wp-json\/wp\/v2\/posts\/1581\/revisions"}],"wp:attachment":[{"href":"https:\/\/puntacanatvrd.com\/web\/wp-json\/wp\/v2\/media?parent=1581"}],"wp:term":[{"taxonomy":"category","embeddable":true,"href":"https:\/\/puntacanatvrd.com\/web\/wp-json\/wp\/v2\/categories?post=1581"},{"taxonomy":"post_tag","embeddable":true,"href":"https:\/\/puntacanatvrd.com\/web\/wp-json\/wp\/v2\/tags?post=1581"}],"curies":[{"name":"wp","href":"https:\/\/api.w.org\/{rel}","templated":true}]}}