{"id":1569,"date":"2020-12-11T09:30:40","date_gmt":"2020-12-11T13:30:40","guid":{"rendered":"https:\/\/tvoriental.com\/?p=1569"},"modified":"2020-12-11T09:30:40","modified_gmt":"2020-12-11T13:30:40","slug":"medio-ambiente-liberara-manaties-en-bayahibe","status":"publish","type":"post","link":"https:\/\/puntacanatvrd.com\/web\/medio-ambiente-liberara-manaties-en-bayahibe\/","title":{"rendered":"Medio Ambiente liberar\u00e1 manat\u00edes en Bayah\u00edbe"},"content":{"rendered":"\n<p class=\"has-text-align-justify\">El pr\u00f3ximo domingo ser\u00e1n devueltos a su h\u00e1bitat natural tres manat\u00edes que llevan varios a\u00f1os en cautiverio en el Acuario Nacional, y que ya est\u00e1n preparados para dejar ese espacio.<\/p>\n\n\n\n<p class=\"has-text-align-justify\">La informaci\u00f3n la ofreci\u00f3 el ministro de Medio Ambiente, Orlando Jorge Mera, quien explic\u00f3 que la liberaci\u00f3n de los manat\u00edes Juanita, Pepe y Lupita se realizar\u00e1 en una ensenada artificial ubicada en Bayah\u00edbe, en San Rafael de Yuma, provincia La Altagracia.<\/p>\n\n\n\n<p class=\"has-text-align-justify\">Este proyecto, bautizado por el Ministerio de Medio Ambiente como \u201cOperaci\u00f3n Pronto en Casa\u201d, permitir\u00e1 que esos tres animales puedan tener mejores condiciones de vida.<\/p>\n\n\n\n<p class=\"has-text-align-justify\">La especie de estos mam\u00edferos acu\u00e1ticos est\u00e1 declarada en peligro cr\u00edtico de extinci\u00f3n, en lista roja de la Uni\u00f3n Internacional para la Conservaci\u00f3n de la Naturaleza (UICN), por el estado vulnerable en que se encuentran, debido a las colisiones con embarcaciones, la captura ilegal e incidental y la destrucci\u00f3n y contaminaci\u00f3n de su h\u00e1bitat, dice una nota del Ministerio de Medio Ambiente.<\/p>\n\n\n\n<p class=\"has-text-align-justify\">La vuelta al mar de estos manat\u00edes marcar\u00e1 un hito en el pa\u00eds y ha sido posible por el esfuerzo del viceministerio de Recursos Costeros y Marinos, liderado por Jos\u00e9 Ram\u00f3n Reyes, quien ha coordinado la liberaci\u00f3n con t\u00e9cnicos de la instituci\u00f3n, del Acuario Nacional, as\u00ed como de la Fundaci\u00f3n Dominicana de Estudios Marinos (Fundemar).<\/p>\n","protected":false},"excerpt":{"rendered":"<p>El pr\u00f3ximo domingo ser\u00e1n devueltos a su h\u00e1bitat natural tres manat\u00edes que llevan varios a\u00f1os en cautiverio en el Acuario Nacional, y que ya est\u00e1n preparados para dejar ese espacio.&hellip;<\/p>\n","protected":false},"author":1,"featured_media":0,"comment_status":"open","ping_status":"open","sticky":false,"template":"","format":"standard","meta":{"footnotes":""},"categories":[362],"tags":[558],"class_list":["post-1569","post","type-post","status-publish","format-standard","hentry","category-home","tag-medio-ambiente"],"_links":{"self":[{"href":"https:\/\/puntacanatvrd.com\/web\/wp-json\/wp\/v2\/posts\/1569","targetHints":{"allow":["GET"]}}],"collection":[{"href":"https:\/\/puntacanatvrd.com\/web\/wp-json\/wp\/v2\/posts"}],"about":[{"href":"https:\/\/puntacanatvrd.com\/web\/wp-json\/wp\/v2\/types\/post"}],"author":[{"embeddable":true,"href":"https:\/\/puntacanatvrd.com\/web\/wp-json\/wp\/v2\/users\/1"}],"replies":[{"embeddable":true,"href":"https:\/\/puntacanatvrd.com\/web\/wp-json\/wp\/v2\/comments?post=1569"}],"version-history":[{"count":0,"href":"https:\/\/puntacanatvrd.com\/web\/wp-json\/wp\/v2\/posts\/1569\/revisions"}],"wp:attachment":[{"href":"https:\/\/puntacanatvrd.com\/web\/wp-json\/wp\/v2\/media?parent=1569"}],"wp:term":[{"taxonomy":"category","embeddable":true,"href":"https:\/\/puntacanatvrd.com\/web\/wp-json\/wp\/v2\/categories?post=1569"},{"taxonomy":"post_tag","embeddable":true,"href":"https:\/\/puntacanatvrd.com\/web\/wp-json\/wp\/v2\/tags?post=1569"}],"curies":[{"name":"wp","href":"https:\/\/api.w.org\/{rel}","templated":true}]}}