{"id":15006,"date":"2025-11-03T10:08:13","date_gmt":"2025-11-03T14:08:13","guid":{"rendered":"https:\/\/www.puntacanatvrd.com\/?p=15006"},"modified":"2025-11-03T10:08:13","modified_gmt":"2025-11-03T14:08:13","slug":"veron-sonrie-operativo-dental-comunitario","status":"publish","type":"post","link":"https:\/\/puntacanatvrd.com\/web\/veron-sonrie-operativo-dental-comunitario\/","title":{"rendered":"Ver\u00f3n sonr\u00ede: operativo dental comunitario"},"content":{"rendered":"\n<p>A trav\u00e9s de sus programas de salud y desarrollo comunitario, la Fundaci\u00f3n Puntacana ofrece atenci\u00f3n integral, incluyendo servicios odontol\u00f3gicos para ni\u00f1os y j\u00f3venes en el Centro Pedi\u00e1trico \u00d3scar de la Renta, ayudando a que todos crezcan y construyan un futuro m\u00e1s fuerte.\u00a0<\/p>\n\n\n\n<p>Su lema es: \"cuando una comunidad tiene salud, agua limpia y h\u00e1bitos de cuidado, se previenen enfermedades y se siembra esperanza\".<\/p>\n\n\n\n<p>En esta oportunidad la Fundaci\u00f3n Grupo Puntacana, con la colaboraci\u00f3n con Action for Smiles, realizar\u00e1 un operativo dental comunitario dirigido a ni\u00f1os y adultos en el parque-Centro Comunitario de Ver\u00f3n.<\/p>\n\n\n\n<p><strong>Los servicios dentales se desarrollar\u00e1n en el parque-Centro Comunitario de Ver\u00f3n, pr\u00f3ximo al Centro Pedi\u00e1trico Oscar de la Renta<\/strong>, desde este <strong>lunes 3 de noviembre hasta el viernes 7 de noviembre<\/strong>, en horario <strong>de 8:00 de la ma\u00f1ana a 3:00 de la tarde.<\/strong><\/p>\n\n\n\n<p>La atenci\u00f3n est\u00e1 destinada a adultos y a ni\u00f1os a partir de 12 a\u00f1os, que deben asistir acompa\u00f1ados de un adulto o tutor para recibir la atenci\u00f3n adecuada. <\/p>\n\n\n\n<p>Estas iniciativas m\u00e9dicas reflejan el compromiso de Grupo Puntacana por apoyar el desarrollo y bienestar de las comunidades, en esta ocasi\u00f3n, trabajando para mejorar la salud dental. <\/p>\n","protected":false},"excerpt":{"rendered":"<p>A trav\u00e9s de sus programas de salud y desarrollo comunitario, la Fundaci\u00f3n Puntacana ofrece atenci\u00f3n integral, incluyendo servicios odontol\u00f3gicos para ni\u00f1os y j\u00f3venes en el Centro Pedi\u00e1trico \u00d3scar de la&hellip;<\/p>\n","protected":false},"author":1,"featured_media":15007,"comment_status":"open","ping_status":"open","sticky":false,"template":"","format":"standard","meta":{"footnotes":""},"categories":[270,362,714,321,294],"tags":[1300,1301,1066,1302,332,358],"class_list":["post-15006","post","type-post","status-publish","format-standard","has-post-thumbnail","hentry","category-nacionales","category-home","category-regionales","category-salud","category-veron-puntacana","tag-action-for-smiles","tag-fundacion-puntacana","tag-grupo-puntacana","tag-operativo-dental","tag-punta-cana","tag-veron-punta-cana"],"_links":{"self":[{"href":"https:\/\/puntacanatvrd.com\/web\/wp-json\/wp\/v2\/posts\/15006","targetHints":{"allow":["GET"]}}],"collection":[{"href":"https:\/\/puntacanatvrd.com\/web\/wp-json\/wp\/v2\/posts"}],"about":[{"href":"https:\/\/puntacanatvrd.com\/web\/wp-json\/wp\/v2\/types\/post"}],"author":[{"embeddable":true,"href":"https:\/\/puntacanatvrd.com\/web\/wp-json\/wp\/v2\/users\/1"}],"replies":[{"embeddable":true,"href":"https:\/\/puntacanatvrd.com\/web\/wp-json\/wp\/v2\/comments?post=15006"}],"version-history":[{"count":0,"href":"https:\/\/puntacanatvrd.com\/web\/wp-json\/wp\/v2\/posts\/15006\/revisions"}],"wp:featuredmedia":[{"embeddable":true,"href":"https:\/\/puntacanatvrd.com\/web\/wp-json\/"}],"wp:attachment":[{"href":"https:\/\/puntacanatvrd.com\/web\/wp-json\/wp\/v2\/media?parent=15006"}],"wp:term":[{"taxonomy":"category","embeddable":true,"href":"https:\/\/puntacanatvrd.com\/web\/wp-json\/wp\/v2\/categories?post=15006"},{"taxonomy":"post_tag","embeddable":true,"href":"https:\/\/puntacanatvrd.com\/web\/wp-json\/wp\/v2\/tags?post=15006"}],"curies":[{"name":"wp","href":"https:\/\/api.w.org\/{rel}","templated":true}]}}