{"id":14998,"date":"2025-11-01T15:49:43","date_gmt":"2025-11-01T19:49:43","guid":{"rendered":"https:\/\/www.puntacanatvrd.com\/?p=14998"},"modified":"2026-02-20T23:33:53","modified_gmt":"2026-02-21T03:33:53","slug":"vendra-trump-a-la-cumbre-de-las-americas","status":"publish","type":"post","link":"https:\/\/puntacanatvrd.com\/web\/vendra-trump-a-la-cumbre-de-las-americas\/","title":{"rendered":"\u00bfVendr\u00e1 Trump a la Cumbre de las Am\u00e9ricas?"},"content":{"rendered":"\n<h3 class=\"wp-block-heading\">La Rep\u00fablica Dominicana\u00a0fue seleccionada primera vez como\u00a0pa\u00eds anfitri\u00f3n\u00a0del encuentro, que se celebrar\u00e1 del 1 al 5 de diciembre en Punta Cana, que reunir\u00e1 a\u00a0los jefes de Estado\u00a0de toda la regi\u00f3n, excepto los tres pa\u00edses excluidos. <\/h3>\n\n\n\n<p>\u201cTodav\u00eda no hay confirmaci\u00f3n en ese sentido\u201d, inform\u00f3 el canciller\u00a0Roberto \u00c1lvarez  al ser abordado por la prensa.<\/p>\n\n\n\n<p>La\u00a0Rep\u00fablica Dominicana a\u00fan no ha recibido confirmaci\u00f3n oficial\u00a0sobre la participaci\u00f3n del presidente estadounidense\u00a0Donald Trump\u00a0en la\u00a0X Cumbre de las Am\u00e9ricas, que se celebrar\u00e1 del\u00a01 al 5 de diciembre en Punta Cana.<\/p>\n\n\n\n<p>La\u00a0<strong>Cumbre de las Am\u00e9ricas<\/strong>\u00a0es el principal\u00a0foro pol\u00edtico\u00a0que re\u00fane a los\u00a0jefes de Estado\u00a0y de Gobierno de los pa\u00edses del continente americano para dialogar sobre los desaf\u00edos comunes, promover la cooperaci\u00f3n y fortalecer la democracia y el desarrollo en la regi\u00f3n.<\/p>\n\n\n\n<p>El evento se celebra\u00a0cada tres o cuatro a\u00f1os\u00a0y est\u00e1 organizado por el\u00a0pa\u00eds anfitri\u00f3n, con el apoyo de la\u00a0Organizaci\u00f3n de Estados Americanos\u00a0(OEA). Cada edici\u00f3n busca fomentar el di\u00e1logo pol\u00edtico, la integraci\u00f3n regional y la adopci\u00f3n de compromisos concretos para impulsar el progreso social y econ\u00f3mico de Am\u00e9rica.<\/p>\n\n\n\n<p>Adem\u00e1s de las\u00a0reuniones oficiales\u00a0de l\u00edderes, la\u00a0Cumbre de las Am\u00e9ricas\u00a0incluye foros paralelos donde participan representantes de la\u00a0sociedad civil, empresarios, acad\u00e9micos y j\u00f3venes, con el objetivo de generar\u00a0propuestas\u00a0que fortalezcan la gobernanza democr\u00e1tica y la cooperaci\u00f3n entre los pa\u00edses.<\/p>\n\n\n\n<p>La\u00a0Cumbre de las Am\u00e9ricas\u00a0se celebr\u00f3 por primera vez en diciembre de\u00a01994, cuando el entonces presidente\u00a0Bill Clinton\u00a0reuni\u00f3 en Miami a 34 l\u00edderes del hemisferio, con la excepci\u00f3n de\u00a0Cuba. Desde entonces, ha sido tradici\u00f3n que los mandatarios estadounidenses participen en este encuentro, concebido como un espacio de di\u00e1logo pol\u00edtico y\u00a0cooperaci\u00f3n regional.<\/p>\n\n\n\n<p>Desde su primera edici\u00f3n en 1994, la Cumbre ha contado con la presencia de los mandatarios estadounidenses, salvo en 2018, cuando Trump\u00a0cancel\u00f3 su asistencia a \u00faltima hora\u00a0y fue representado por el vicepresidente\u00a0Mike Pence\u00a0en Lima, Per\u00fa.<\/p>\n\n\n\n<p>Hasta el momento,\u00a0se desconoce qui\u00e9n encabezar\u00e1 la delegaci\u00f3n de EE. UU.\u00a0en la pr\u00f3xima cita.<\/p>\n\n\n\n<p>La Canciller\u00eda dominicana confirm\u00f3 que\u00a0Cuba, Nicaragua y Venezuela\u00a0no fueron invitados \u201cpara garantizar una mayor participaci\u00f3n\u201d. Esta decisi\u00f3n provoc\u00f3 la\u00a0ausencia de los presidentes de M\u00e9xico y Colombia,\u00a0Claudia Sheinbaum\u00a0y\u00a0Gustavo Petro, quienes expresaron su desacuerdo con la exclusi\u00f3n.<\/p>\n\n\n\n<ul class=\"wp-block-list\">\n<li><strong>Nicaragua<\/strong>\u00a0abandon\u00f3 oficialmente la OEA en 2023<\/li>\n\n\n\n<li><strong>Cuba<\/strong>\u00a0fue expulsada en 1962<\/li>\n\n\n\n<li><strong>Venezuela<\/strong>\u00a0mantiene una pertenencia disputada desde 2017<\/li>\n<\/ul>\n\n\n\n<p>A lo largo de las tres d\u00e9cadas de tradici\u00f3n, al menos\u00a010 pa\u00edses\u00a0han estado ausentes de una o m\u00e1s ediciones por exclusi\u00f3n o decisi\u00f3n pol\u00edtica. Siendo Cuba el m\u00e1s afectado, con solo dos participaciones en 10 versiones.\u00a0<\/p>\n","protected":false},"excerpt":{"rendered":"<p>La Rep\u00fablica Dominicana\u00a0fue seleccionada primera vez como\u00a0pa\u00eds anfitri\u00f3n\u00a0del encuentro, que se celebrar\u00e1 del 1 al 5 de diciembre en Punta Cana, que reunir\u00e1 a\u00a0los jefes de Estado\u00a0de toda la regi\u00f3n,&hellip;<\/p>\n","protected":false},"author":1,"featured_media":34772,"comment_status":"open","ping_status":"open","sticky":false,"template":"","format":"standard","meta":{"footnotes":""},"categories":[271,270,329,362,706],"tags":[1296,1297,419,959,332,602],"class_list":["post-14998","post","type-post","status-publish","format-standard","has-post-thumbnail","hentry","category-internacionales","category-nacionales","category-politica","category-home","category-tendencias","tag-canciller-roberto-alvarez","tag-cumbre-de-las-americas","tag-donald-trump","tag-noticias-de-eeuu","tag-punta-cana","tag-republica-dominicana"],"_links":{"self":[{"href":"https:\/\/puntacanatvrd.com\/web\/wp-json\/wp\/v2\/posts\/14998","targetHints":{"allow":["GET"]}}],"collection":[{"href":"https:\/\/puntacanatvrd.com\/web\/wp-json\/wp\/v2\/posts"}],"about":[{"href":"https:\/\/puntacanatvrd.com\/web\/wp-json\/wp\/v2\/types\/post"}],"author":[{"embeddable":true,"href":"https:\/\/puntacanatvrd.com\/web\/wp-json\/wp\/v2\/users\/1"}],"replies":[{"embeddable":true,"href":"https:\/\/puntacanatvrd.com\/web\/wp-json\/wp\/v2\/comments?post=14998"}],"version-history":[{"count":1,"href":"https:\/\/puntacanatvrd.com\/web\/wp-json\/wp\/v2\/posts\/14998\/revisions"}],"predecessor-version":[{"id":34773,"href":"https:\/\/puntacanatvrd.com\/web\/wp-json\/wp\/v2\/posts\/14998\/revisions\/34773"}],"wp:featuredmedia":[{"embeddable":true,"href":"https:\/\/puntacanatvrd.com\/web\/wp-json\/wp\/v2\/media\/34772"}],"wp:attachment":[{"href":"https:\/\/puntacanatvrd.com\/web\/wp-json\/wp\/v2\/media?parent=14998"}],"wp:term":[{"taxonomy":"category","embeddable":true,"href":"https:\/\/puntacanatvrd.com\/web\/wp-json\/wp\/v2\/categories?post=14998"},{"taxonomy":"post_tag","embeddable":true,"href":"https:\/\/puntacanatvrd.com\/web\/wp-json\/wp\/v2\/tags?post=14998"}],"curies":[{"name":"wp","href":"https:\/\/api.w.org\/{rel}","templated":true}]}}