{"id":14987,"date":"2025-10-30T13:04:12","date_gmt":"2025-10-30T17:04:12","guid":{"rendered":"https:\/\/www.puntacanatvrd.com\/?p=14987"},"modified":"2025-10-30T13:04:12","modified_gmt":"2025-10-30T17:04:12","slug":"siete-meses-sin-saber-donde-esta-el-nino-roldany-calderon","status":"publish","type":"post","link":"https:\/\/puntacanatvrd.com\/web\/siete-meses-sin-saber-donde-esta-el-nino-roldany-calderon\/","title":{"rendered":"Siete meses sin saber donde est\u00e1 el ni\u00f1o\u00a0Roldany Calder\u00f3n"},"content":{"rendered":"\n<h3 class=\"wp-block-heading\">Hoy, 30 de octubre, se cumplen siete meses de la desaparici\u00f3n del ni\u00f1o Roldany Calder\u00f3n, de 3 a\u00f1os.  <\/h3>\n\n\n\n<p>Sus familiares lo vieron por \u00faltima vez cuando estaba jugando con una prima en la residencia de una t\u00eda en la co\u00admunidad de Los Ta\u00adblones, Manabao, Jarabacoa. <\/p>\n\n\n\n<p id=\"m101409-101408-101410\">Seg\u00fan el relato de su padre, Efra\u00edn Calder\u00f3n, Roldany estaba jugando con otras dos ni\u00f1as cuando, en un momento, se le perdi\u00f3 de vista. Al d\u00eda siguiente, los familiares y vecinos de la comunidad, de manera voluntaria, iniciaron la b\u00fasqueda del ni\u00f1o en \u00e1reas cercanas a la vivienda donde fue visto por \u00faltima vez.<\/p>\n\n\n\n<p id=\"m101429-101428-101430\">La\u00a0Polic\u00eda Nacional<strong>\u00a0<\/strong>colabor\u00f3 en los operativos de b\u00fasqueda ese mismo d\u00eda, un poco m\u00e1s tarde. Para el martes 1 de abril, se sumaron m\u00e1s miembros de la comunidad, voluntarios y polic\u00edas a las labores de b\u00fasqueda en zonas boscosas y de dif\u00edcil acceso en\u00a0Manabao, principalmente en el \u00e1rea protegida del parque\u00a0Armando Berm\u00fadez\u00a0y el r\u00edo.<\/p>\n\n\n\n<p id=\"m101429-101428-101430\">En los d\u00edas siguientes, las autoridades del Ministerio P\u00fablico, Polic\u00eda Nacional,\u00a0Ej\u00e9rcito y Defensa Civil\u00a0se integraron formalmente a las labores de b\u00fasqueda e investigaci\u00f3n. Desplegando drones, c\u00e1maras t\u00e9rmicas y unidades caninas especializadas para rastrear la zona en la que fue visto el ni\u00f1o por \u00faltima vez. <\/p>\n\n\n\n<p>Sus padres contin\u00faan angustiados, debido a que las autoridades solo les comunican que \u201cest\u00e1n trabajando en el caso\u201d sin ofrecer informaci\u00f3n concreta; pero sin perder la esperanza de que en alg\u00fan momento obtendr\u00e1n noticias de su peque\u00f1o hijo. El ca\u00adso determin\u00f3 que se designara una comisi\u00f3n presidida por la procuradora adjunta Olga Din\u00e1 Llave-r\u00edas, quien a la fecha no ha ofrecido ni siquiera explicacio\u00adnes de las investigaciones sobre la desaparici\u00f3n del ni\u00f1o. <\/p>\n\n\n\n<p>Los padres han ofrecido una recompensa de un mill\u00f3n de pesos por informaci\u00f3n que ayu\u00adde a localizar al ni\u00f1o, de quien no se sabe si est\u00e1 vivo o muerto. Mien\u00adtras pasa el tiempo sin que se tenga la menor pista sobre la suerte del infante, crecen las con\u00adjeturas.<\/p>\n","protected":false},"excerpt":{"rendered":"<p>Hoy, 30 de octubre, se cumplen siete meses de la desaparici\u00f3n del ni\u00f1o Roldany Calder\u00f3n, de 3 a\u00f1os. Sus familiares lo vieron por \u00faltima vez cuando estaba jugando con una&hellip;<\/p>\n","protected":false},"author":1,"featured_media":14988,"comment_status":"open","ping_status":"open","sticky":false,"template":"","format":"standard","meta":{"footnotes":""},"categories":[270,362,706],"tags":[1294,1257,357,1295],"class_list":["post-14987","post","type-post","status-publish","format-standard","has-post-thumbnail","hentry","category-nacionales","category-home","category-tendencias","tag-jarabacoa","tag-nino-desaparecido","tag-policia-nacional","tag-roldany-calderon"],"_links":{"self":[{"href":"https:\/\/puntacanatvrd.com\/web\/wp-json\/wp\/v2\/posts\/14987","targetHints":{"allow":["GET"]}}],"collection":[{"href":"https:\/\/puntacanatvrd.com\/web\/wp-json\/wp\/v2\/posts"}],"about":[{"href":"https:\/\/puntacanatvrd.com\/web\/wp-json\/wp\/v2\/types\/post"}],"author":[{"embeddable":true,"href":"https:\/\/puntacanatvrd.com\/web\/wp-json\/wp\/v2\/users\/1"}],"replies":[{"embeddable":true,"href":"https:\/\/puntacanatvrd.com\/web\/wp-json\/wp\/v2\/comments?post=14987"}],"version-history":[{"count":0,"href":"https:\/\/puntacanatvrd.com\/web\/wp-json\/wp\/v2\/posts\/14987\/revisions"}],"wp:featuredmedia":[{"embeddable":true,"href":"https:\/\/puntacanatvrd.com\/web\/wp-json\/"}],"wp:attachment":[{"href":"https:\/\/puntacanatvrd.com\/web\/wp-json\/wp\/v2\/media?parent=14987"}],"wp:term":[{"taxonomy":"category","embeddable":true,"href":"https:\/\/puntacanatvrd.com\/web\/wp-json\/wp\/v2\/categories?post=14987"},{"taxonomy":"post_tag","embeddable":true,"href":"https:\/\/puntacanatvrd.com\/web\/wp-json\/wp\/v2\/tags?post=14987"}],"curies":[{"name":"wp","href":"https:\/\/api.w.org\/{rel}","templated":true}]}}