{"id":14947,"date":"2025-10-28T12:19:52","date_gmt":"2025-10-28T16:19:52","guid":{"rendered":"https:\/\/www.puntacanatvrd.com\/?p=14947"},"modified":"2026-02-21T11:51:22","modified_gmt":"2026-02-21T15:51:22","slug":"tragico-choque-en-la-barcelo-un-muerto","status":"publish","type":"post","link":"https:\/\/puntacanatvrd.com\/web\/tragico-choque-en-la-barcelo-un-muerto\/","title":{"rendered":"Tr\u00e1gico choque en la Barcel\u00f3: un muerto"},"content":{"rendered":"\n<p>En horas de la madrugada de este martes, en un accidente de tr\u00e1nsito fatal en la avenida Barcel\u00f3, en el distrito Ver\u00f3n-Punta Cana, un hombre identificado como Esteban Carmona perdi\u00f3 la vida. <\/p>\n\n\n\n<p>De acuerdo con las declaraciones de los Bomberos de Ver\u00f3n Punta Cana, el se\u00f1or Carmona que conduc\u00eda un Nissan Sentra gris en el cual habr\u00eda perdido el control, termin\u00f3 impactando de frente contra una columna. <\/p>\n\n\n\n<p>Al lugar del hecho se presentaron unidades de emergencia m\u00e9dica y agentes de la Polic\u00eda Nacional, quienes dieron aviso que al llegar el conductor se encontraba sin signos vitales. <\/p>\n\n\n\n<p><\/p>\n","protected":false},"excerpt":{"rendered":"<p>En horas de la madrugada de este martes, en un accidente de tr\u00e1nsito fatal en la avenida Barcel\u00f3, en el distrito Ver\u00f3n-Punta Cana, un hombre identificado como Esteban Carmona perdi\u00f3&hellip;<\/p>\n","protected":false},"author":1,"featured_media":34863,"comment_status":"open","ping_status":"open","sticky":false,"template":"","format":"standard","meta":{"footnotes":""},"categories":[282,270,362,294],"tags":[1271,1272,1273],"class_list":["post-14947","post","type-post","status-publish","format-standard","has-post-thumbnail","hentry","category-la-altagracia","category-nacionales","category-home","category-veron-puntacana","tag-accidente-en-veron-punta-cana","tag-accidente-fatal","tag-avenida-barcelo"],"_links":{"self":[{"href":"https:\/\/puntacanatvrd.com\/web\/wp-json\/wp\/v2\/posts\/14947","targetHints":{"allow":["GET"]}}],"collection":[{"href":"https:\/\/puntacanatvrd.com\/web\/wp-json\/wp\/v2\/posts"}],"about":[{"href":"https:\/\/puntacanatvrd.com\/web\/wp-json\/wp\/v2\/types\/post"}],"author":[{"embeddable":true,"href":"https:\/\/puntacanatvrd.com\/web\/wp-json\/wp\/v2\/users\/1"}],"replies":[{"embeddable":true,"href":"https:\/\/puntacanatvrd.com\/web\/wp-json\/wp\/v2\/comments?post=14947"}],"version-history":[{"count":1,"href":"https:\/\/puntacanatvrd.com\/web\/wp-json\/wp\/v2\/posts\/14947\/revisions"}],"predecessor-version":[{"id":34864,"href":"https:\/\/puntacanatvrd.com\/web\/wp-json\/wp\/v2\/posts\/14947\/revisions\/34864"}],"wp:featuredmedia":[{"embeddable":true,"href":"https:\/\/puntacanatvrd.com\/web\/wp-json\/wp\/v2\/media\/34863"}],"wp:attachment":[{"href":"https:\/\/puntacanatvrd.com\/web\/wp-json\/wp\/v2\/media?parent=14947"}],"wp:term":[{"taxonomy":"category","embeddable":true,"href":"https:\/\/puntacanatvrd.com\/web\/wp-json\/wp\/v2\/categories?post=14947"},{"taxonomy":"post_tag","embeddable":true,"href":"https:\/\/puntacanatvrd.com\/web\/wp-json\/wp\/v2\/tags?post=14947"}],"curies":[{"name":"wp","href":"https:\/\/api.w.org\/{rel}","templated":true}]}}