{"id":14910,"date":"2025-10-24T12:45:09","date_gmt":"2025-10-24T16:45:09","guid":{"rendered":"https:\/\/www.puntacanatvrd.com\/?p=14910"},"modified":"2025-10-24T12:45:09","modified_gmt":"2025-10-24T16:45:09","slug":"aparecio-el-nino-reportado-desaparecido-en-monte-plata","status":"publish","type":"post","link":"https:\/\/puntacanatvrd.com\/web\/aparecio-el-nino-reportado-desaparecido-en-monte-plata\/","title":{"rendered":"Apareci\u00f3 el ni\u00f1o reportado desaparecido en Monte Plata"},"content":{"rendered":"\n<p>El ni\u00f1o de 13 a\u00f1os reportado como desaparecido en medio de los efectos de la tormenta tropical Melissa, en el municipio Sabana Grande de Boy\u00e1, en la provincia de Monte Plata, fue hallado sano y salvo. <\/p>\n\n\n\n<p>Se trata de Emanuel Alejandro N\u00fa\u00f1ez Hern\u00e1ndez, quien sali\u00f3 de su residencia el pasado mi\u00e9rcoles con la intenci\u00f3n de realizar una tarea con un amigo, pero desde entonces no se hab\u00eda tenido informaci\u00f3n sobre su paradero. <\/p>\n\n\n\n<p>Sus familiares y allegados agradecieron la colaboraci\u00f3n de la comunidad para ayudar a localizarlo.\u00a0<\/p>\n\n\n\n<p><\/p>\n","protected":false},"excerpt":{"rendered":"<p>El ni\u00f1o de 13 a\u00f1os reportado como desaparecido en medio de los efectos de la tormenta tropical Melissa, en el municipio Sabana Grande de Boy\u00e1, en la provincia de Monte&hellip;<\/p>\n","protected":false},"author":1,"featured_media":14911,"comment_status":"open","ping_status":"open","sticky":false,"template":"","format":"standard","meta":{"footnotes":""},"categories":[1023,270,362],"tags":[1254,946,1255,1247],"class_list":["post-14910","post","type-post","status-publish","format-standard","has-post-thumbnail","hentry","category-clima","category-nacionales","category-home","tag-desaparecido","tag-monte-plata","tag-sabana-grande-de-boya","tag-tormenta-melissa"],"_links":{"self":[{"href":"https:\/\/puntacanatvrd.com\/web\/wp-json\/wp\/v2\/posts\/14910","targetHints":{"allow":["GET"]}}],"collection":[{"href":"https:\/\/puntacanatvrd.com\/web\/wp-json\/wp\/v2\/posts"}],"about":[{"href":"https:\/\/puntacanatvrd.com\/web\/wp-json\/wp\/v2\/types\/post"}],"author":[{"embeddable":true,"href":"https:\/\/puntacanatvrd.com\/web\/wp-json\/wp\/v2\/users\/1"}],"replies":[{"embeddable":true,"href":"https:\/\/puntacanatvrd.com\/web\/wp-json\/wp\/v2\/comments?post=14910"}],"version-history":[{"count":0,"href":"https:\/\/puntacanatvrd.com\/web\/wp-json\/wp\/v2\/posts\/14910\/revisions"}],"wp:featuredmedia":[{"embeddable":true,"href":"https:\/\/puntacanatvrd.com\/web\/wp-json\/"}],"wp:attachment":[{"href":"https:\/\/puntacanatvrd.com\/web\/wp-json\/wp\/v2\/media?parent=14910"}],"wp:term":[{"taxonomy":"category","embeddable":true,"href":"https:\/\/puntacanatvrd.com\/web\/wp-json\/wp\/v2\/categories?post=14910"},{"taxonomy":"post_tag","embeddable":true,"href":"https:\/\/puntacanatvrd.com\/web\/wp-json\/wp\/v2\/tags?post=14910"}],"curies":[{"name":"wp","href":"https:\/\/api.w.org\/{rel}","templated":true}]}}