{"id":14898,"date":"2025-10-24T10:17:32","date_gmt":"2025-10-24T14:17:32","guid":{"rendered":"https:\/\/www.puntacanatvrd.com\/?p=14898"},"modified":"2025-10-24T10:17:32","modified_gmt":"2025-10-24T14:17:32","slug":"melissa-continuara-generando-abundantes-lluvias-sobre-nuestra-nacion","status":"publish","type":"post","link":"https:\/\/puntacanatvrd.com\/web\/melissa-continuara-generando-abundantes-lluvias-sobre-nuestra-nacion\/","title":{"rendered":"MELISSA CONTINUAR\u00c1 GENERANDO ABUNDANTES LLUVIAS SOBRE NUESTRA NACI\u00d3N"},"content":{"rendered":"\n<h3 class=\"wp-block-heading\"><strong>La tormenta tropical Melissa, No. 13 de esta Temporada Cicl\u00f3nica 2025<\/strong>, fue localizada aproximadamente a unos 445 kil\u00f3metros al suroeste de Puerto Pr\u00edncipe (Hait\u00ed) y a 260 kil\u00f3metros al sur\/sureste de Kingston (Jamaica).<\/h3>\n\n\n\n<p>INDOMET informa que para este viernes 24 de octubre las condiciones del tiempo continuar\u00e1n bastante deterioradas a causa de los efectos asociados a la tormenta tropical Mellisa. Se mantiene un riesgo elevado de inundaciones severas y deslizamientos de tierra en varias provincias del pa\u00eds.<\/p>\n\n\n\n<p>Entre las localidades m\u00e1s afectadas se encuentran: Mar\u00eda Trinidad S\u00e1nchez, La Vega, Monse\u00f1or Nouel, Saman\u00e1, Duarte, S\u00e1nchez Ram\u00edrez, Hermanas Mirabal, Espaillat, San Crist\u00f3bal, San Jos\u00e9 de Ocoa, Monte Plata, Peravia, Azua, San Juan, Independencia, Bahoruco, Pedernales, Barahona, Hato Mayor, El Seibo, La Romana, San Pedro de Macor\u00eds, La Altagracia y el Gran Santo Domingo, entre otras.<\/p>\n\n\n\n<p><a><\/a>Recomienda a la poblaci\u00f3n mantenerse atenta a los boletines oficiales y seguir las orientaciones de los organismos de protecci\u00f3n civil.<\/p>\n\n\n\n<p><a href=\"https:\/\/www.facebook.com\/hashtag\/tormentamelissa?__eep__=6&amp;__cft__[0]=AZUGrnA87pmw3t8faPJsGVXUfTZq16f0mmWSju7VPj-eMiTt5FjySicZUiHII5eDBy8BIO9nUZKuEpPUiocHym-WM8nuPvGKSmepgXsOHJCx184hqsWMMoV6sbVyPB83su831c7E7U6jKssjuXKHj53tyo65PHwEowqSZ4Z0yUS8qVt6ONxQaa5Y0yUqTxSM6vomPRgoBmubRcKRWXDSP08j&amp;__tn__=*NK-R\">#TormentaMelissa<\/a><a href=\"https:\/\/www.facebook.com\/hashtag\/climard?__eep__=6&amp;__cft__[0]=AZUGrnA87pmw3t8faPJsGVXUfTZq16f0mmWSju7VPj-eMiTt5FjySicZUiHII5eDBy8BIO9nUZKuEpPUiocHym-WM8nuPvGKSmepgXsOHJCx184hqsWMMoV6sbVyPB83su831c7E7U6jKssjuXKHj53tyo65PHwEowqSZ4Z0yUS8qVt6ONxQaa5Y0yUqTxSM6vomPRgoBmubRcKRWXDSP08j&amp;__tn__=*NK-R\">#ClimaRD<\/a> <a href=\"https:\/\/www.facebook.com\/hashtag\/lluviasintensas?__eep__=6&amp;__cft__[0]=AZUGrnA87pmw3t8faPJsGVXUfTZq16f0mmWSju7VPj-eMiTt5FjySicZUiHII5eDBy8BIO9nUZKuEpPUiocHym-WM8nuPvGKSmepgXsOHJCx184hqsWMMoV6sbVyPB83su831c7E7U6jKssjuXKHj53tyo65PHwEowqSZ4Z0yUS8qVt6ONxQaa5Y0yUqTxSM6vomPRgoBmubRcKRWXDSP08j&amp;__tn__=*NK-R\">#LluviasIntensas<\/a><\/p>\n\n\n\n<p><\/p>\n","protected":false},"excerpt":{"rendered":"<p>La tormenta tropical Melissa, No. 13 de esta Temporada Cicl\u00f3nica 2025, fue localizada aproximadamente a unos 445 kil\u00f3metros al suroeste de Puerto Pr\u00edncipe (Hait\u00ed) y a 260 kil\u00f3metros al sur\/sureste&hellip;<\/p>\n","protected":false},"author":1,"featured_media":14899,"comment_status":"open","ping_status":"open","sticky":false,"template":"","format":"standard","meta":{"footnotes":""},"categories":[1023,270,362,714,706],"tags":[1056,1004,1082,1247,1248],"class_list":["post-14898","post","type-post","status-publish","format-standard","has-post-thumbnail","hentry","category-clima","category-nacionales","category-home","category-regionales","category-tendencias","tag-tormenta","tag-clima-en-rd","tag-lluvias","tag-tormenta-melissa","tag-tormenta-tropical"],"_links":{"self":[{"href":"https:\/\/puntacanatvrd.com\/web\/wp-json\/wp\/v2\/posts\/14898","targetHints":{"allow":["GET"]}}],"collection":[{"href":"https:\/\/puntacanatvrd.com\/web\/wp-json\/wp\/v2\/posts"}],"about":[{"href":"https:\/\/puntacanatvrd.com\/web\/wp-json\/wp\/v2\/types\/post"}],"author":[{"embeddable":true,"href":"https:\/\/puntacanatvrd.com\/web\/wp-json\/wp\/v2\/users\/1"}],"replies":[{"embeddable":true,"href":"https:\/\/puntacanatvrd.com\/web\/wp-json\/wp\/v2\/comments?post=14898"}],"version-history":[{"count":0,"href":"https:\/\/puntacanatvrd.com\/web\/wp-json\/wp\/v2\/posts\/14898\/revisions"}],"wp:featuredmedia":[{"embeddable":true,"href":"https:\/\/puntacanatvrd.com\/web\/wp-json\/"}],"wp:attachment":[{"href":"https:\/\/puntacanatvrd.com\/web\/wp-json\/wp\/v2\/media?parent=14898"}],"wp:term":[{"taxonomy":"category","embeddable":true,"href":"https:\/\/puntacanatvrd.com\/web\/wp-json\/wp\/v2\/categories?post=14898"},{"taxonomy":"post_tag","embeddable":true,"href":"https:\/\/puntacanatvrd.com\/web\/wp-json\/wp\/v2\/tags?post=14898"}],"curies":[{"name":"wp","href":"https:\/\/api.w.org\/{rel}","templated":true}]}}