{"id":1483,"date":"2020-12-06T08:42:24","date_gmt":"2020-12-06T12:42:24","guid":{"rendered":"https:\/\/tvoriental.com\/?p=1483"},"modified":"2020-12-06T08:42:24","modified_gmt":"2020-12-06T12:42:24","slug":"cultura-y-educacion-inauguran-primer-punto-de-lectura-en-miches","status":"publish","type":"post","link":"https:\/\/puntacanatvrd.com\/web\/cultura-y-educacion-inauguran-primer-punto-de-lectura-en-miches\/","title":{"rendered":"Cultura y Educaci\u00f3n inauguran primer Punto de Lectura en Miches"},"content":{"rendered":"\n<p class=\"has-text-align-justify\">El Ministerio de Cultura, a trav\u00e9s de la Direcci\u00f3n General del Libro y la Lectura, junto a la Direcci\u00f3n General de Cultura del Ministerio de Educaci\u00f3n, dejaron inaugurado el primer Punto de Lectura en Miches.<\/p>\n\n\n\n<p class=\"has-text-align-justify\">Basilio Belliard y Luis R. Santos se\u00f1alaron que este especial proyecto est\u00e1 contemplado dentro de los planes de ambas instituciones y que los mismos se llevaran a cabo en alianza con las alcald\u00edas de los distintos municipios del pa\u00eds y otras instituciones.<\/p>\n\n\n\n<p class=\"has-text-align-justify\">Indicaron, adem\u00e1s, que los Puntos de Lectura o Puntos de Intercambio de Libros, constituyen uno de los ejes esenciales para el fomento de la lectura en los diferentes municipios del pa\u00eds y que, con la inauguraci\u00f3n de estos espacios, iniciamos un plan piloto que habr\u00e1 de beneficiar a toda la comunidad lectora y educativa.<\/p>\n\n\n\n<p><img decoding=\"async\" class=\"wp-image-1485\" style=\"width: 500px;\" src=\"https:\/\/tvoriental.com\/wp-content\/uploads\/2020\/12\/3_15307386_20201203112309-2-2.jpg\" alt=\"\"><\/p>\n\n\n\n<p class=\"has-text-align-justify\">El referido proyecto persigue colocar un Punto de Lectura en cada municipio o provincia del pa\u00eds<\/p>\n\n\n\n<p class=\"has-text-align-justify\">La actividad cont\u00f3 con la participaci\u00f3n de Giovanny Cruz, viceministro de creatividad y participaci\u00f3n popular, Basilio Belliard, director general del Libro y la Lectura, Luis R. Santos, director general de Cultura del Ministerio de Educaci\u00f3n, Antoliano Peralta Romero, consultor jur\u00eddico del Poder Ejecutivo, Rafael Peralta Romero, director de la Biblioteca Nacional Pedro Henr\u00edquez Ure\u00f1a, Luz Mercedes Cabrera, alcaldesa de Miches y S\u00e9lvido Candelaria, director del Centro Nacional de Artesan\u00edas.<\/p>\n\n\n\n<p class=\"has-text-align-justify\">La poeta Abril Troncoso recit\u00f3 un emotivo poema dedicado a Miches y los Atabaleros de Vicentillo, junto a una representaci\u00f3n del Ballet Folkl\u00f3rico de la alcald\u00eda, pusieron la nota musical del evento.<\/p>\n","protected":false},"excerpt":{"rendered":"<p>El Ministerio de Cultura, a trav\u00e9s de la Direcci\u00f3n General del Libro y la Lectura, junto a la Direcci\u00f3n General de Cultura del Ministerio de Educaci\u00f3n, dejaron inaugurado el primer&hellip;<\/p>\n","protected":false},"author":1,"featured_media":0,"comment_status":"open","ping_status":"open","sticky":false,"template":"","format":"standard","meta":{"footnotes":""},"categories":[1],"tags":[430],"class_list":["post-1483","post","type-post","status-publish","format-standard","hentry","category-uncategorized","tag-ministerio-de-cultura"],"_links":{"self":[{"href":"https:\/\/puntacanatvrd.com\/web\/wp-json\/wp\/v2\/posts\/1483","targetHints":{"allow":["GET"]}}],"collection":[{"href":"https:\/\/puntacanatvrd.com\/web\/wp-json\/wp\/v2\/posts"}],"about":[{"href":"https:\/\/puntacanatvrd.com\/web\/wp-json\/wp\/v2\/types\/post"}],"author":[{"embeddable":true,"href":"https:\/\/puntacanatvrd.com\/web\/wp-json\/wp\/v2\/users\/1"}],"replies":[{"embeddable":true,"href":"https:\/\/puntacanatvrd.com\/web\/wp-json\/wp\/v2\/comments?post=1483"}],"version-history":[{"count":0,"href":"https:\/\/puntacanatvrd.com\/web\/wp-json\/wp\/v2\/posts\/1483\/revisions"}],"wp:attachment":[{"href":"https:\/\/puntacanatvrd.com\/web\/wp-json\/wp\/v2\/media?parent=1483"}],"wp:term":[{"taxonomy":"category","embeddable":true,"href":"https:\/\/puntacanatvrd.com\/web\/wp-json\/wp\/v2\/categories?post=1483"},{"taxonomy":"post_tag","embeddable":true,"href":"https:\/\/puntacanatvrd.com\/web\/wp-json\/wp\/v2\/tags?post=1483"}],"curies":[{"name":"wp","href":"https:\/\/api.w.org\/{rel}","templated":true}]}}