{"id":14796,"date":"2025-09-23T16:26:00","date_gmt":"2025-09-23T16:26:00","guid":{"rendered":"https:\/\/www.puntacanatvrd.com\/?p=14796"},"modified":"2025-09-23T16:26:00","modified_gmt":"2025-09-23T16:26:00","slug":"camion-nuevo-para-los-bomberos-de-punta-cana","status":"publish","type":"post","link":"https:\/\/puntacanatvrd.com\/web\/camion-nuevo-para-los-bomberos-de-punta-cana\/","title":{"rendered":"Cami\u00f3n nuevo para los bomberos de Punta Cana"},"content":{"rendered":"\n<p>La Alcald\u00eda del Distrito Municipal Tur\u00edstico Ver\u00f3n-Punta Cana recibi\u00f3 este martes un nuevo cami\u00f3n de combate a incendios, totalmente equipado, que se incorpora a la flotilla del Cuerpo de Bomberos local, reforzando significativamente la capacidad de respuesta ante emergencias en la zona.<\/p>\n\n\n\n<p>La entrega del veh\u00edculo fue posible gracias a una gesti\u00f3n realizada a trav\u00e9s del <strong>Sistema Nacional de Atenci\u00f3n a Emergencias y Seguridad 9-1-1<\/strong>, como parte del esfuerzo por mejorar la infraestructura y los recursos destinados a la protecci\u00f3n ciudadana en comunidades tur\u00edsticas de alto flujo como Ver\u00f3n-Punta Cana.<\/p>\n\n\n\n<p>Con esta nueva unidad, se espera una respuesta m\u00e1s r\u00e1pida, segura y eficiente ante incendios, accidentes u otras situaciones de emergencia, fortaleciendo el trabajo de los bomberos en todo el distrito municipal.<\/p>\n\n\n\n<p>La incorporaci\u00f3n del cami\u00f3n es parte de un plan m\u00e1s amplio para mejorar los servicios de emergencia en destinos tur\u00edsticos clave del pa\u00eds, en coordinaci\u00f3n con el Ministerio de Turismo y otras instituciones gubernamentales.<\/p>\n\n\n\n<p><\/p>\n","protected":false},"excerpt":{"rendered":"<p>La Alcald\u00eda del Distrito Municipal Tur\u00edstico Ver\u00f3n-Punta Cana recibi\u00f3 este martes un nuevo cami\u00f3n de combate a incendios, totalmente equipado, que se incorpora a la flotilla del Cuerpo de Bomberos&hellip;<\/p>\n","protected":false},"author":1,"featured_media":14797,"comment_status":"open","ping_status":"open","sticky":false,"template":"","format":"standard","meta":{"footnotes":""},"categories":[270,714],"tags":[1245,332,1246,358],"class_list":["post-14796","post","type-post","status-publish","format-standard","has-post-thumbnail","hentry","category-nacionales","category-regionales","tag-bomberos-de-veron-punta-cana","tag-punta-cana","tag-sistema-nacional-de-atencion-a-emergencias-y-seguridad-9-1-1","tag-veron-punta-cana"],"_links":{"self":[{"href":"https:\/\/puntacanatvrd.com\/web\/wp-json\/wp\/v2\/posts\/14796","targetHints":{"allow":["GET"]}}],"collection":[{"href":"https:\/\/puntacanatvrd.com\/web\/wp-json\/wp\/v2\/posts"}],"about":[{"href":"https:\/\/puntacanatvrd.com\/web\/wp-json\/wp\/v2\/types\/post"}],"author":[{"embeddable":true,"href":"https:\/\/puntacanatvrd.com\/web\/wp-json\/wp\/v2\/users\/1"}],"replies":[{"embeddable":true,"href":"https:\/\/puntacanatvrd.com\/web\/wp-json\/wp\/v2\/comments?post=14796"}],"version-history":[{"count":0,"href":"https:\/\/puntacanatvrd.com\/web\/wp-json\/wp\/v2\/posts\/14796\/revisions"}],"wp:featuredmedia":[{"embeddable":true,"href":"https:\/\/puntacanatvrd.com\/web\/wp-json\/"}],"wp:attachment":[{"href":"https:\/\/puntacanatvrd.com\/web\/wp-json\/wp\/v2\/media?parent=14796"}],"wp:term":[{"taxonomy":"category","embeddable":true,"href":"https:\/\/puntacanatvrd.com\/web\/wp-json\/wp\/v2\/categories?post=14796"},{"taxonomy":"post_tag","embeddable":true,"href":"https:\/\/puntacanatvrd.com\/web\/wp-json\/wp\/v2\/tags?post=14796"}],"curies":[{"name":"wp","href":"https:\/\/api.w.org\/{rel}","templated":true}]}}