{"id":14677,"date":"2025-09-17T16:41:25","date_gmt":"2025-09-17T16:41:25","guid":{"rendered":"https:\/\/www.puntacanatvrd.com\/?p=14677"},"modified":"2025-09-17T16:41:25","modified_gmt":"2025-09-17T16:41:25","slug":"robinson-cano-tomo-una-decision-polemica","status":"publish","type":"post","link":"https:\/\/puntacanatvrd.com\/web\/robinson-cano-tomo-una-decision-polemica\/","title":{"rendered":"Robinson Can\u00f3 tom\u00f3 una decisi\u00f3n pol\u00e9mica"},"content":{"rendered":"\n<h3 class=\"wp-block-heading\">El dominicano confirm\u00f3 durante una entrevista con ESPN que no planea jugar una tercera temporada en la Liga Mexicana de B\u00e9isbol.<\/h3>\n\n\n\n<p>Luego de conquistar dos campeonatos consecutivos en la Liga Mexicana de B\u00e9isbol (LMB), el estelar pelotero dominicano Robinson Can\u00f3 anunci\u00f3 que no planea regresar a los Diablos Rojos del M\u00e9xico para la pr\u00f3xima temporada.<\/p>\n\n\n\n<p>Durante su visita a ESPN, Can\u00f3 habl\u00f3 en exclusiva para el programa SportsCenter, donde dej\u00f3 claro que, al menos por ahora, no tiene intenci\u00f3n de vestir nuevamente el uniforme escarlata en 2026.<\/p>\n\n\n\n<p><strong>\u201cLa realidad, no. Ellos se r\u00eden (mis compa\u00f1eros) porque dicen que vuelvo. Uno es grande, el tiempo. Pero ahora mismo, no creo. Me siento contento y agradecido con el trato, a la afici\u00f3n, que donde quiera que fui me siento como en casa. Hasta ahora esa es la meta\u201d<\/strong>, expres\u00f3 Can\u00f3.<\/p>\n\n\n\n<h3 class=\"wp-block-heading\">Cierra una etapa dorada en la LMB<\/h3>\n\n\n\n<p>Con esta decisi\u00f3n, Can\u00f3 pone fin a una etapa breve pero hist\u00f3rica en el b\u00e9isbol mexicano, donde en solo dos temporadas fue pieza clave en el bicampeonato de los Diablos Rojos y adem\u00e1s fue reconocido con el premio al Jugador M\u00e1s Valioso.<\/p>\n\n\n\n<p>Su liderazgo dentro y fuera del terreno fue reconocido por figuras del club, como el capit\u00e1n del equipo, Juan Carlos \u201cEl Haper\u201d Gamboa, quien no ocult\u00f3 su sorpresa ante el anuncio.<\/p>\n\n\n\n<p><strong>\u201cEs dif\u00edcil de asimilarlo, es una gran persona, un ejemplo y una pieza fundamental en el bicampeonato\u201d<\/strong>, afirm\u00f3 Gamboa.<\/p>\n\n\n\n<p>Aunque Can\u00f3 no descart\u00f3 completamente un posible regreso en el futuro, sus palabras dejan entrever que est\u00e1 evaluando su continuidad en el b\u00e9isbol profesional, despu\u00e9s de una carrera llena de logros tanto en Grandes Ligas como en ligas internacionales.<\/p>\n\n\n\n<p><\/p>\n","protected":false},"excerpt":{"rendered":"<p>El dominicano confirm\u00f3 durante una entrevista con ESPN que no planea jugar una tercera temporada en la Liga Mexicana de B\u00e9isbol. Luego de conquistar dos campeonatos consecutivos en la Liga&hellip;<\/p>\n","protected":false},"author":1,"featured_media":14678,"comment_status":"open","ping_status":"open","sticky":false,"template":"","format":"standard","meta":{"footnotes":""},"categories":[274,362],"tags":[896,1160,1161,1162,1163,655],"class_list":["post-14677","post","type-post","status-publish","format-standard","has-post-thumbnail","hentry","category-deportes","category-home","tag-beisbol","tag-diablos-rojos-del-mexico","tag-espn","tag-liga-mexicana-de-beisbol","tag-lmb","tag-robinson-cano-2"],"_links":{"self":[{"href":"https:\/\/puntacanatvrd.com\/web\/wp-json\/wp\/v2\/posts\/14677","targetHints":{"allow":["GET"]}}],"collection":[{"href":"https:\/\/puntacanatvrd.com\/web\/wp-json\/wp\/v2\/posts"}],"about":[{"href":"https:\/\/puntacanatvrd.com\/web\/wp-json\/wp\/v2\/types\/post"}],"author":[{"embeddable":true,"href":"https:\/\/puntacanatvrd.com\/web\/wp-json\/wp\/v2\/users\/1"}],"replies":[{"embeddable":true,"href":"https:\/\/puntacanatvrd.com\/web\/wp-json\/wp\/v2\/comments?post=14677"}],"version-history":[{"count":0,"href":"https:\/\/puntacanatvrd.com\/web\/wp-json\/wp\/v2\/posts\/14677\/revisions"}],"wp:featuredmedia":[{"embeddable":true,"href":"https:\/\/puntacanatvrd.com\/web\/wp-json\/"}],"wp:attachment":[{"href":"https:\/\/puntacanatvrd.com\/web\/wp-json\/wp\/v2\/media?parent=14677"}],"wp:term":[{"taxonomy":"category","embeddable":true,"href":"https:\/\/puntacanatvrd.com\/web\/wp-json\/wp\/v2\/categories?post=14677"},{"taxonomy":"post_tag","embeddable":true,"href":"https:\/\/puntacanatvrd.com\/web\/wp-json\/wp\/v2\/tags?post=14677"}],"curies":[{"name":"wp","href":"https:\/\/api.w.org\/{rel}","templated":true}]}}