{"id":14669,"date":"2025-09-17T13:41:16","date_gmt":"2025-09-17T13:41:16","guid":{"rendered":"https:\/\/www.puntacanatvrd.com\/?p=14669"},"modified":"2026-02-21T11:57:41","modified_gmt":"2026-02-21T15:57:41","slug":"punta-cana-nuevo-plan-territorial-y-carretera-en-camino","status":"publish","type":"post","link":"https:\/\/puntacanatvrd.com\/web\/punta-cana-nuevo-plan-territorial-y-carretera-en-camino\/","title":{"rendered":"Punta Cana: nuevo plan territorial y carretera en camino"},"content":{"rendered":"\n<h3 class=\"wp-block-heading\">El 60 % de los ingresos tur\u00edsticos del destino se destinar\u00e1 a su ejecuci\u00f3n. Tambi\u00e9n se licitar\u00e1 la carretera de Uvero Alto y se reforzar\u00e1 la Polic\u00eda Tur\u00edstica.<\/h3>\n\n\n\n<p>El ministro de Turismo, David Collado, anunci\u00f3 este lunes que antes de que finalice el a\u00f1o 2025 se presentar\u00e1 oficialmente el Plan de Ordenamiento Territorial para el destino tur\u00edstico de Punta Cana\u2013B\u00e1varo, como parte de una estrategia nacional para reorganizar y fortalecer las principales zonas tur\u00edsticas del pa\u00eds.<\/p>\n\n\n\n<p><strong>\u201cB\u00e1varo y Punta Cana tienen que ser organizados, y antes de que termine el a\u00f1o vamos a publicar el plan de ordenamiento territorial\u201d<\/strong>, declar\u00f3 Collado.<\/p>\n\n\n\n<p>El plan busca asegurar un crecimiento tur\u00edstico sostenible, ordenado y con mayor impacto econ\u00f3mico a nivel local. Para su implementaci\u00f3n, se destinar\u00e1 el 60 % de los ingresos tur\u00edsticos generados en Punta Cana, a trav\u00e9s del Comit\u00e9 Ejecutor de Infraestructuras de Zonas Tur\u00edsticas (Ceiztur). Esta misma estrategia ser\u00e1 aplicada tambi\u00e9n en Bayah\u00edbe y Punta Bergant\u00edn, dos destinos en expansi\u00f3n que tambi\u00e9n ser\u00e1n reestructurados bajo un enfoque de desarrollo integral.<\/p>\n\n\n\n<h3 class=\"wp-block-heading\">Punta Cana: motor del turismo dominicano<\/h3>\n\n\n\n<p>Seg\u00fan datos del Banco Interamericano de Desarrollo (BID), la provincia La Altagracia acoge a 2,240 visitantes internacionales por kil\u00f3metro cuadrado, muy por encima del promedio nacional de 150 visitantes, y muy lejos de los 38 que se registraban en 1995.<\/p>\n\n\n\n<p>El mismo informe se\u00f1ala que este polo tur\u00edstico concentra el 58 % de las estancias hoteleras del pa\u00eds, con uno de cada cinco alojamientos y seis de cada diez habitaciones ubicadas en esta zona. Solo en 2024, La Altagracia sum\u00f3 54,124 habitaciones distribuidas en 171 establecimientos, lo que representa un 60.1 % del total nacional.<\/p>\n\n\n\n<p>Adem\u00e1s, por el Aeropuerto Internacional de Punta Cana ingres\u00f3 el 58.5 % de los extranjeros no residentes, lo que equivale a casi 5 millones de turistas de los m\u00e1s de 8.5 millones que visitaron el pa\u00eds en ese a\u00f1o.<\/p>\n\n\n\n<h3 class=\"wp-block-heading\">Desaf\u00edos del modelo actual y visi\u00f3n de futuro<\/h3>\n\n\n\n<p>Pese al crecimiento, el modelo tur\u00edstico basado en la oferta \"todo incluido\" ha limitado la expansi\u00f3n econ\u00f3mica hacia otros sectores locales. El BID advierte que es necesario crear nuevas experiencias tur\u00edsticas que inviten al visitante a explorar m\u00e1s all\u00e1 de los hoteles, para integrar a peque\u00f1os negocios y comunidades en los beneficios del turismo.<\/p>\n\n\n\n<p>Collado reafirm\u00f3 el compromiso del gobierno con esta visi\u00f3n de desarrollo m\u00e1s amplio y participativo, destacando que el ordenamiento territorial permitir\u00e1 precisamente fomentar esa diversificaci\u00f3n.<\/p>\n\n\n\n<h3 class=\"wp-block-heading\">Nuevas infraestructuras: carretera de Uvero Alto y seguridad<\/h3>\n\n\n\n<p>Como parte de las mejoras complementarias, el ministro anunci\u00f3 que en un plazo de 60 a 90 d\u00edas se dar\u00e1 inicio al proceso de licitaci\u00f3n de la carretera de Uvero Alto, una obra esperada que facilitar\u00e1 la conectividad en la zona norte del destino. Asimismo, inform\u00f3 que se reforzar\u00e1 la presencia de la Polic\u00eda Tur\u00edstica (Politur), con el fin de garantizar mayor seguridad para visitantes y residentes.<\/p>\n\n\n\n<p><\/p>\n","protected":false},"excerpt":{"rendered":"<p>El 60 % de los ingresos tur\u00edsticos del destino se destinar\u00e1 a su ejecuci\u00f3n. Tambi\u00e9n se licitar\u00e1 la carretera de Uvero Alto y se reforzar\u00e1 la Polic\u00eda Tur\u00edstica. El ministro&hellip;<\/p>\n","protected":false},"author":1,"featured_media":34867,"comment_status":"open","ping_status":"open","sticky":false,"template":"","format":"standard","meta":{"footnotes":""},"categories":[282,270,362,714,293,294],"tags":[1150,1151,326,1152,332,921,1153,358],"class_list":["post-14669","post","type-post","status-publish","format-standard","has-post-thumbnail","hentry","category-la-altagracia","category-nacionales","category-home","category-regionales","category-turismo","category-veron-puntacana","tag-bavaro-y-punta-cana","tag-ceiztur","tag-david-collado","tag-ordenamiento-territorial","tag-punta-cana","tag-turismo","tag-uso-de-suelo","tag-veron-punta-cana"],"_links":{"self":[{"href":"https:\/\/puntacanatvrd.com\/web\/wp-json\/wp\/v2\/posts\/14669","targetHints":{"allow":["GET"]}}],"collection":[{"href":"https:\/\/puntacanatvrd.com\/web\/wp-json\/wp\/v2\/posts"}],"about":[{"href":"https:\/\/puntacanatvrd.com\/web\/wp-json\/wp\/v2\/types\/post"}],"author":[{"embeddable":true,"href":"https:\/\/puntacanatvrd.com\/web\/wp-json\/wp\/v2\/users\/1"}],"replies":[{"embeddable":true,"href":"https:\/\/puntacanatvrd.com\/web\/wp-json\/wp\/v2\/comments?post=14669"}],"version-history":[{"count":1,"href":"https:\/\/puntacanatvrd.com\/web\/wp-json\/wp\/v2\/posts\/14669\/revisions"}],"predecessor-version":[{"id":34868,"href":"https:\/\/puntacanatvrd.com\/web\/wp-json\/wp\/v2\/posts\/14669\/revisions\/34868"}],"wp:featuredmedia":[{"embeddable":true,"href":"https:\/\/puntacanatvrd.com\/web\/wp-json\/wp\/v2\/media\/34867"}],"wp:attachment":[{"href":"https:\/\/puntacanatvrd.com\/web\/wp-json\/wp\/v2\/media?parent=14669"}],"wp:term":[{"taxonomy":"category","embeddable":true,"href":"https:\/\/puntacanatvrd.com\/web\/wp-json\/wp\/v2\/categories?post=14669"},{"taxonomy":"post_tag","embeddable":true,"href":"https:\/\/puntacanatvrd.com\/web\/wp-json\/wp\/v2\/tags?post=14669"}],"curies":[{"name":"wp","href":"https:\/\/api.w.org\/{rel}","templated":true}]}}