{"id":14640,"date":"2025-09-16T16:02:20","date_gmt":"2025-09-16T16:02:20","guid":{"rendered":"https:\/\/www.puntacanatvrd.com\/?p=14640"},"modified":"2025-09-16T16:02:20","modified_gmt":"2025-09-16T16:02:20","slug":"abinader-va-a-la-onu-con-la-mira-puesta-en-haiti","status":"publish","type":"post","link":"https:\/\/puntacanatvrd.com\/web\/abinader-va-a-la-onu-con-la-mira-puesta-en-haiti\/","title":{"rendered":"Abinader va a la ONU con la mira puesta en Hait\u00ed"},"content":{"rendered":"\n<h3 class=\"wp-block-heading\">Aunque no hay un tema fijo en agenda, el presidente asegur\u00f3 que hablar\u00e1 con Marco Rubio sobre la crisis haitiana, porque \u201ces algo fundamental para la Rep\u00fablica Dominicana\u201d.<\/h3>\n\n\n\n<p>El presidente Luis Abinader, anunci\u00f3 este lunes que sostendr\u00e1 una reuni\u00f3n con el secretario de Estado estadounidense, Marco Rubio, la pr\u00f3xima semana en el marco de la Asamblea General de las Naciones Unidas, con el objetivo de tratar la creciente crisis en Hait\u00ed.<\/p> \n\n\n\n<p>Durante su tradicional encuentro con la prensa en el Palacio Nacional, Abinader adelant\u00f3 que el di\u00e1logo con el alto funcionario norteamericano girar\u00e1 en torno a la nueva postura del Gobierno de Donald Trump frente a la situaci\u00f3n haitiana, marcada por la inseguridad y el colapso institucional generado por las bandas armadas que controlan vastas zonas del pa\u00eds vecino.<\/p>\n\n\n\n<p><strong>\u00abVamos a la ONU y, evidentemente, trataremos sobre la nueva visi\u00f3n del Gobierno de Estados Unidos sobre la manera de enfrentar la situaci\u00f3n (en Hait\u00ed). Vamos a realizar reuniones bilaterales, incluso solicitadas por ellos\u00bb<\/strong>, expres\u00f3 el mandatario.<\/p>\n\n\n\n<p>La reuni\u00f3n con Rubio forma parte de una serie de encuentros bilaterales que el presidente dominicano mantendr\u00e1 durante su participaci\u00f3n en la Asamblea General de la ONU, donde se espera que la situaci\u00f3n de Hait\u00ed ocupe un lugar destacado en la agenda regional e internacional.<\/p>\n\n\n\n<p>El anuncio se produce en un contexto de creciente preocupaci\u00f3n por la falta de gobernabilidad en Hait\u00ed, donde la violencia de las pandillas ha paralizado casi por completo las actividades econ\u00f3micas, sociales y pol\u00edticas del pa\u00eds.<\/p>\n\n\n\n<p><\/p>\n","protected":false},"excerpt":{"rendered":"<p>Aunque no hay un tema fijo en agenda, el presidente asegur\u00f3 que hablar\u00e1 con Marco Rubio sobre la crisis haitiana, porque \u201ces algo fundamental para la Rep\u00fablica Dominicana\u201d. El presidente&hellip;<\/p>\n","protected":false},"author":1,"featured_media":14641,"comment_status":"open","ping_status":"open","sticky":false,"template":"","format":"standard","meta":{"footnotes":""},"categories":[270,329,362],"tags":[1129,549,328,1130,1131,1132],"class_list":["post-14640","post","type-post","status-publish","format-standard","has-post-thumbnail","hentry","category-nacionales","category-politica","category-home","tag-abinader-en-la-onu","tag-haiti","tag-luis-abinader","tag-luis-abinader-reunion-marco-rubio","tag-marco-rubio","tag-onu-2"],"_links":{"self":[{"href":"https:\/\/puntacanatvrd.com\/web\/wp-json\/wp\/v2\/posts\/14640","targetHints":{"allow":["GET"]}}],"collection":[{"href":"https:\/\/puntacanatvrd.com\/web\/wp-json\/wp\/v2\/posts"}],"about":[{"href":"https:\/\/puntacanatvrd.com\/web\/wp-json\/wp\/v2\/types\/post"}],"author":[{"embeddable":true,"href":"https:\/\/puntacanatvrd.com\/web\/wp-json\/wp\/v2\/users\/1"}],"replies":[{"embeddable":true,"href":"https:\/\/puntacanatvrd.com\/web\/wp-json\/wp\/v2\/comments?post=14640"}],"version-history":[{"count":0,"href":"https:\/\/puntacanatvrd.com\/web\/wp-json\/wp\/v2\/posts\/14640\/revisions"}],"wp:featuredmedia":[{"embeddable":true,"href":"https:\/\/puntacanatvrd.com\/web\/wp-json\/"}],"wp:attachment":[{"href":"https:\/\/puntacanatvrd.com\/web\/wp-json\/wp\/v2\/media?parent=14640"}],"wp:term":[{"taxonomy":"category","embeddable":true,"href":"https:\/\/puntacanatvrd.com\/web\/wp-json\/wp\/v2\/categories?post=14640"},{"taxonomy":"post_tag","embeddable":true,"href":"https:\/\/puntacanatvrd.com\/web\/wp-json\/wp\/v2\/tags?post=14640"}],"curies":[{"name":"wp","href":"https:\/\/api.w.org\/{rel}","templated":true}]}}