{"id":14180,"date":"2025-09-02T19:23:02","date_gmt":"2025-09-02T19:23:02","guid":{"rendered":"https:\/\/www.puntacanatvrd.com\/?p=14180"},"modified":"2025-09-02T19:23:02","modified_gmt":"2025-09-02T19:23:02","slug":"se-incendio-camion-tanquero-de-combustible-en-la-circunvalacion-santo-domingo","status":"publish","type":"post","link":"https:\/\/puntacanatvrd.com\/web\/se-incendio-camion-tanquero-de-combustible-en-la-circunvalacion-santo-domingo\/","title":{"rendered":"Se incendi\u00f3 cami\u00f3n tanquero de combustible en la Circunvalaci\u00f3n Santo Domingo"},"content":{"rendered":"\n<h2 class=\"wp-block-heading\">Una densa humareda fue visible a varios kil\u00f3metros de distancia<\/h2>\n\n\n\n<p>Un&nbsp;cami\u00f3n tanquero&nbsp;cargado de&nbsp;combustible&nbsp;se incendi\u00f3 la ma\u00f1ana de este martes mientras transitaba por la&nbsp;Circunvalaci\u00f3n Santo Domingo, a la altura de la localidad&nbsp;Mal Nombre, en el municipio Santo Domingo Norte.<\/p>\n\n\n\n<p>El veh\u00edculo pesado impact\u00f3 contra las&nbsp;barandas&nbsp;de la&nbsp;autopista&nbsp;tras chocar con un carro, y de inmediato se produjo el&nbsp;fuego.&nbsp;El veh\u00edculo de carga se incendi\u00f3 de manera completa.<\/p>\n\n\n\n<p>Las autoridades informaron que&nbsp;cuatro personas<strong>&nbsp;<\/strong>resultaron con lesiones leves.<\/p>\n\n\n\n<p>Diversas unidades de Bomberos&nbsp;trabajaron&nbsp;para&nbsp;sofocar&nbsp;las&nbsp;llamas.<\/p>\n\n\n\n<p><\/p>\n\n\n\n<figure class=\"wp-block-gallery has-nested-images columns-default is-cropped wp-block-gallery-1 is-layout-flex wp-block-gallery-is-layout-flex\"><\/figure>\n\n\n\n<figure class=\"wp-block-video\"><video controls src=\"https:\/\/puntacanatvrd.com\/web\/wp-content\/uploads\/2025\/09\/WhatsApp-Video-2025-09-02-at-2.17.58-PM-1.mp4\"><\/video><\/figure>\n\n\n\n<figure class=\"wp-block-video\"><\/figure>\n\n\n\n<figure class=\"wp-block-video\"><\/figure>\n","protected":false},"excerpt":{"rendered":"<p>Una densa humareda fue visible a varios kil\u00f3metros de distancia Un&nbsp;cami\u00f3n tanquero&nbsp;cargado de&nbsp;combustible&nbsp;se incendi\u00f3 la ma\u00f1ana de este martes mientras transitaba por la&nbsp;Circunvalaci\u00f3n Santo Domingo, a la altura de la&hellip;<\/p>\n","protected":false},"author":1,"featured_media":0,"comment_status":"open","ping_status":"open","sticky":false,"template":"","format":"standard","meta":{"footnotes":""},"categories":[270],"tags":[992,993,994,995,996,997,998],"class_list":["post-14180","post","type-post","status-publish","format-standard","hentry","category-nacionales","tag-bomberos","tag-camion","tag-circunvalacion","tag-combustible","tag-incendio","tag-patana","tag-santo-domingo"],"_links":{"self":[{"href":"https:\/\/puntacanatvrd.com\/web\/wp-json\/wp\/v2\/posts\/14180","targetHints":{"allow":["GET"]}}],"collection":[{"href":"https:\/\/puntacanatvrd.com\/web\/wp-json\/wp\/v2\/posts"}],"about":[{"href":"https:\/\/puntacanatvrd.com\/web\/wp-json\/wp\/v2\/types\/post"}],"author":[{"embeddable":true,"href":"https:\/\/puntacanatvrd.com\/web\/wp-json\/wp\/v2\/users\/1"}],"replies":[{"embeddable":true,"href":"https:\/\/puntacanatvrd.com\/web\/wp-json\/wp\/v2\/comments?post=14180"}],"version-history":[{"count":0,"href":"https:\/\/puntacanatvrd.com\/web\/wp-json\/wp\/v2\/posts\/14180\/revisions"}],"wp:attachment":[{"href":"https:\/\/puntacanatvrd.com\/web\/wp-json\/wp\/v2\/media?parent=14180"}],"wp:term":[{"taxonomy":"category","embeddable":true,"href":"https:\/\/puntacanatvrd.com\/web\/wp-json\/wp\/v2\/categories?post=14180"},{"taxonomy":"post_tag","embeddable":true,"href":"https:\/\/puntacanatvrd.com\/web\/wp-json\/wp\/v2\/tags?post=14180"}],"curies":[{"name":"wp","href":"https:\/\/api.w.org\/{rel}","templated":true}]}}