{"id":14083,"date":"2025-09-02T15:32:59","date_gmt":"2025-09-02T15:32:59","guid":{"rendered":"https:\/\/www.puntacanatvrd.com\/?p=14083"},"modified":"2025-09-02T15:32:59","modified_gmt":"2025-09-02T15:32:59","slug":"bolsonaro-cuenta-regresiva-para-la-corte-40-anos-preso","status":"publish","type":"post","link":"https:\/\/puntacanatvrd.com\/web\/bolsonaro-cuenta-regresiva-para-la-corte-40-anos-preso\/","title":{"rendered":"Bolsonaro: cuenta regresiva para la Corte. \u00bf40 a\u00f1os preso?"},"content":{"rendered":"\n<p>Con un enorme operativo de seguridad,&nbsp;comenz\u00f3 la etapa final del juicio a Bolsonaro.<\/p>\n\n\n\n<p>Est\u00e1 acusado de intentar impedir la asunci\u00f3n de su sucesor,&nbsp;Luiz Inacio Lula da Silva.<\/p>\n\n\n\n<p>Cinco jueces del Tribunal Supremo de Brasil se reunir\u00e1n durante cinco jornadas de audiencia<strong>&nbsp;<\/strong>entre el 2 y el 12 de septiembreen Brasilia para decidir si&nbsp;condenan o absuelven al exjefe de Estado y a siete de sus excolaboradores.<\/p>\n\n\n\n<p>Bolsonaro, de 70 a\u00f1os, se expone a unos 40 a\u00f1os de prisi\u00f3n.<\/p>\n\n\n\n<p>Seg\u00fan la acusaci\u00f3n,&nbsp;habr\u00eda conspirado para garantizar su \u201cmantenimiento autoritario en el poder\u201d&nbsp;a pesar de la victoria de Lula da Silva en las elecciones de 2022.&nbsp;<\/p>\n\n\n\n<p>De acuerdo a la fiscal\u00eda, el plan contemplaba&nbsp;el asesinato de Lula.<\/p>\n\n\n\n<p>El principal acusado no estar\u00e1 presente en la primera audiencia.<\/p>\n\n\n\n<p>La defensa niega todo y denuncia&nbsp;\u201cpersecuci\u00f3n pol\u00edtica\u201d.<\/p>\n\n\n\n<p>Afirma que hubo fraude electoral y que intentaron buscar&nbsp;\u201cun dispositivo constitucional\u201d para impedir la asunci\u00f3n de Lula.<\/p>\n\n\n\n<p>Bolsonaro cumple arresto domiciliario con tobillera electr\u00f3nica. Prev\u00e9 seguir por televisi\u00f3n el desenlace de su juicio, retransmitido en directo para todo Brasil.<\/p>\n","protected":false},"excerpt":{"rendered":"<p>Con un enorme operativo de seguridad,&nbsp;comenz\u00f3 la etapa final del juicio a Bolsonaro. Est\u00e1 acusado de intentar impedir la asunci\u00f3n de su sucesor,&nbsp;Luiz Inacio Lula da Silva. Cinco jueces del&hellip;<\/p>\n","protected":false},"author":1,"featured_media":14089,"comment_status":"open","ping_status":"open","sticky":false,"template":"","format":"standard","meta":{"footnotes":""},"categories":[271,329],"tags":[873,882,972,973,974,975,976],"class_list":["post-14083","post","type-post","status-publish","format-standard","has-post-thumbnail","hentry","category-internacionales","category-politica","tag-bolsonaro","tag-brasil","tag-congreso","tag-democracia","tag-elecciones","tag-golpe-de-estado","tag-lula"],"_links":{"self":[{"href":"https:\/\/puntacanatvrd.com\/web\/wp-json\/wp\/v2\/posts\/14083","targetHints":{"allow":["GET"]}}],"collection":[{"href":"https:\/\/puntacanatvrd.com\/web\/wp-json\/wp\/v2\/posts"}],"about":[{"href":"https:\/\/puntacanatvrd.com\/web\/wp-json\/wp\/v2\/types\/post"}],"author":[{"embeddable":true,"href":"https:\/\/puntacanatvrd.com\/web\/wp-json\/wp\/v2\/users\/1"}],"replies":[{"embeddable":true,"href":"https:\/\/puntacanatvrd.com\/web\/wp-json\/wp\/v2\/comments?post=14083"}],"version-history":[{"count":0,"href":"https:\/\/puntacanatvrd.com\/web\/wp-json\/wp\/v2\/posts\/14083\/revisions"}],"wp:featuredmedia":[{"embeddable":true,"href":"https:\/\/puntacanatvrd.com\/web\/wp-json\/"}],"wp:attachment":[{"href":"https:\/\/puntacanatvrd.com\/web\/wp-json\/wp\/v2\/media?parent=14083"}],"wp:term":[{"taxonomy":"category","embeddable":true,"href":"https:\/\/puntacanatvrd.com\/web\/wp-json\/wp\/v2\/categories?post=14083"},{"taxonomy":"post_tag","embeddable":true,"href":"https:\/\/puntacanatvrd.com\/web\/wp-json\/wp\/v2\/tags?post=14083"}],"curies":[{"name":"wp","href":"https:\/\/api.w.org\/{rel}","templated":true}]}}