{"id":1227,"date":"2020-11-27T12:20:32","date_gmt":"2020-11-27T16:20:32","guid":{"rendered":"https:\/\/tvoriental.com\/?p=1227"},"modified":"2020-11-27T12:20:32","modified_gmt":"2020-11-27T16:20:32","slug":"alcalde-de-higuey-afirma-municipios-se-levantaran-economicamente-pese-al-covid-19","status":"publish","type":"post","link":"https:\/\/puntacanatvrd.com\/web\/alcalde-de-higuey-afirma-municipios-se-levantaran-economicamente-pese-al-covid-19\/","title":{"rendered":"Alcalde de Hig\u00fcey afirma municipios se levantar\u00e1n econ\u00f3micamente pese al COVID 19"},"content":{"rendered":"\n<p class=\"has-text-align-justify\">El alcalde de Hig\u00fcey, Rafael Bar\u00f3n Duluc (Cholit\u00edn), asegur\u00f3 este viernes que los municipios de la Rep\u00fablica Dominicana se levantar\u00e1n en materia de econom\u00eda y desarrollo a pesar de la propagaci\u00f3n de la pandemia del coronavirus en el pa\u00eds.<\/p>\n\n\n\n<p class=\"has-text-align-justify\">Un comunicado indica que al ofrecer un discurso durante la Asamblea General de Municipios 2020, bajo el tema \u201cGobierno Central y Gobiernos Locales unidos para el Desarrollo Territorial\u201d, el edil municipal asegur\u00f3 que este evento busca unir esfuerzos para fortalecer los municipios en plena pandemia.<\/p>\n\n\n\n<p class=\"has-text-align-justify\">El funcionario agradeci\u00f3 a los asamble\u00edstas por haber elegido al polo tur\u00edstico de Ver\u00f3n-Punta Cana, perteneciente al municipio Hig\u00fcey, para celebrar dicho encuentro entre los alcaldes de todo el pa\u00eds.<\/p>\n\n\n\n<p class=\"has-text-align-center\"><img decoding=\"async\" class=\"wp-image-1230\" style=\"width: 500px;\" src=\"https:\/\/tvoriental.com\/wp-content\/uploads\/2020\/11\/higuey-2-1-1-1.jpg\" alt=\"\"><\/p>\n\n\n\n<p class=\"has-text-align-justify\">Asimismo, Duluc agreg\u00f3 que a pesar de esta ser una de las zonas tur\u00edsticas m\u00e1s afectadas por el COVID-19, \u201caun as\u00ed, seguimos de pie creyendo en los proyectos de desarrollo para nuestras localidades\u201d.<\/p>\n\n\n\n<p class=\"has-text-align-justify\">\u201cMuchos de los alcaldes que estamos aqu\u00ed llegamos con altas expectativas de cambios, quiz\u00e1s los cambios no se han realizados a un 100%, pero estoy seguro que las cosas en este nuevo cuatrienio van a cambiar y ser\u00e1n mejores\u201d, explic\u00f3 Bar\u00f3n Duluc.<\/p>\n\n\n\n<p class=\"has-text-align-justify\">\u201cQuiero que ustedes sepan que nosotros ten\u00edamos un presupuesto de 44 millones de pesos mensuales, el cual es poco para este municipio que tiene m\u00e1s de 400 mil habitantes, todav\u00eda nosotros somos un municipio que nos comparan con el mismo de hace diez a\u00f1os, y no es verdad que deba manejarse con esos recursos, pero, actualmente, por la crisis sanitaria del coronavirus nos estamos manejando con 26 millones de pesos mensuales\u201d, puntualiz\u00f3 el alcalde.<\/p>\n\n\n\n<p class=\"has-text-align-justify\">El alcalde manifest\u00f3 que tiene fe y esperanza en este gobierno que encabeza el presiente Luis Abinader porque hay mucha gente comprometida con el avance y desarrollo de la municipalidad.<\/p>\n\n\n\n<p class=\"has-text-align-justify\">Durante la asamblea de Federaci\u00f3n Dominicana de Municipios (Fedomu) el alcalde de Hig\u00fcey, Rafael Bar\u00f3n Duluc, sostuvo un conversatorio con el ministro Administrativo de la Presidencia, Jos\u00e9 Ignacio Paliza, donde se acord\u00f3 la entrega de un cheque de 5 millones de pesos para la terminaci\u00f3n del Club deportivo Crisol del Progreso (SAVICA).<\/p>\n\n\n\n<p class=\"has-text-align-justify\">Adem\u00e1s, trataron los temas del Mercado Municipal, el cual debe ser intervenido lo antes posible con un monto aproximado a los 20 millones de pesos, as\u00ed&nbsp; como la reconstrucci\u00f3n del Boulevard de Hig\u00fcey.<\/p>\n","protected":false},"excerpt":{"rendered":"<p>El alcalde de Hig\u00fcey, Rafael Bar\u00f3n Duluc (Cholit\u00edn), asegur\u00f3 este viernes que los municipios de la Rep\u00fablica Dominicana se levantar\u00e1n en materia de econom\u00eda y desarrollo a pesar de la&hellip;<\/p>\n","protected":false},"author":1,"featured_media":0,"comment_status":"open","ping_status":"open","sticky":false,"template":"","format":"standard","meta":{"footnotes":""},"categories":[282],"tags":[349,462],"class_list":["post-1227","post","type-post","status-publish","format-standard","hentry","category-la-altagracia","tag-alcaldia-de-higuey","tag-rafael-duluc-cholitin-3"],"_links":{"self":[{"href":"https:\/\/puntacanatvrd.com\/web\/wp-json\/wp\/v2\/posts\/1227","targetHints":{"allow":["GET"]}}],"collection":[{"href":"https:\/\/puntacanatvrd.com\/web\/wp-json\/wp\/v2\/posts"}],"about":[{"href":"https:\/\/puntacanatvrd.com\/web\/wp-json\/wp\/v2\/types\/post"}],"author":[{"embeddable":true,"href":"https:\/\/puntacanatvrd.com\/web\/wp-json\/wp\/v2\/users\/1"}],"replies":[{"embeddable":true,"href":"https:\/\/puntacanatvrd.com\/web\/wp-json\/wp\/v2\/comments?post=1227"}],"version-history":[{"count":0,"href":"https:\/\/puntacanatvrd.com\/web\/wp-json\/wp\/v2\/posts\/1227\/revisions"}],"wp:attachment":[{"href":"https:\/\/puntacanatvrd.com\/web\/wp-json\/wp\/v2\/media?parent=1227"}],"wp:term":[{"taxonomy":"category","embeddable":true,"href":"https:\/\/puntacanatvrd.com\/web\/wp-json\/wp\/v2\/categories?post=1227"},{"taxonomy":"post_tag","embeddable":true,"href":"https:\/\/puntacanatvrd.com\/web\/wp-json\/wp\/v2\/tags?post=1227"}],"curies":[{"name":"wp","href":"https:\/\/api.w.org\/{rel}","templated":true}]}}