{"id":1195,"date":"2020-11-26T08:18:36","date_gmt":"2020-11-26T12:18:36","guid":{"rendered":"https:\/\/tvoriental.com\/?p=1195"},"modified":"2020-11-26T08:18:36","modified_gmt":"2020-11-26T12:18:36","slug":"el-presidente-abinader-visitara-este-viernes-higuey","status":"publish","type":"post","link":"https:\/\/puntacanatvrd.com\/web\/el-presidente-abinader-visitara-este-viernes-higuey\/","title":{"rendered":"El presidente Abinader visitar\u00e1 este viernes Hig\u00fcey"},"content":{"rendered":"\n<p class=\"has-text-align-justify\">Hig\u00fcey.-. El presidente de la Rep\u00fablica, Luis Abinader, agotar\u00e1 este viernes una intensa agenda en esta ciudad, la primera luego de ganar la presidencia del pa\u00eds.<\/p>\n\n\n\n<p class=\"has-text-align-justify\">De acuerdo a un comunicado de la Presidencia, Abinader se reunir\u00e1 a las 10:30 de la ma\u00f1ana con los presidentes de juntas de vecinos y a las 11:00 visitar\u00e1 al obispo de la Di\u00f3cesis Nuestra Se\u00f1ora de La Altagracia, monse\u00f1or Jes\u00fas Castro Marte.<\/p>\n\n\n\n<p class=\"has-text-align-justify\">Posteriormente el primer mandatario estar\u00e1 a las 12:00 en la sede del Instituto Nacional de Estabilizaci\u00f3n de Precios (Inespre) para luego a las 12:30 de la tarde participar en un almuerzo con los empresarios altagracianos.<\/p>\n\n\n\n<p class=\"has-text-align-justify\">La agenda presidencial en Hig\u00fcey incluye el primer picazo para comenzar la construcci\u00f3n de las oficinas regionales del Ministerio de Obras P\u00fablicas\u00a0a las 1:30 de la tarde\u00a0 y a las 2:15 Abinader supervisar\u00e1 el programa de afiliaci\u00f3n que desarrolla su gobierno en esta localidad a trav\u00e9s del Seguro Nacional de Salud (Senasa).<\/p>\n\n\n\n<p class=\"has-text-align-justify\">A las 2:50 Luis Abinader estar\u00e1 entregando pr\u00e9stamos de Banca Solidaria y para las 5:00 de la tarde concluye  su visita a Hig\u00fcey con una actividad privada.<br \/><\/p>\n","protected":false},"excerpt":{"rendered":"<p>Hig\u00fcey.-. El presidente de la Rep\u00fablica, Luis Abinader, agotar\u00e1 este viernes una intensa agenda en esta ciudad, la primera luego de ganar la presidencia del pa\u00eds. De acuerdo a un&hellip;<\/p>\n","protected":false},"author":1,"featured_media":0,"comment_status":"open","ping_status":"open","sticky":false,"template":"","format":"standard","meta":{"footnotes":""},"categories":[362],"tags":[328],"class_list":["post-1195","post","type-post","status-publish","format-standard","hentry","category-home","tag-luis-abinader"],"_links":{"self":[{"href":"https:\/\/puntacanatvrd.com\/web\/wp-json\/wp\/v2\/posts\/1195","targetHints":{"allow":["GET"]}}],"collection":[{"href":"https:\/\/puntacanatvrd.com\/web\/wp-json\/wp\/v2\/posts"}],"about":[{"href":"https:\/\/puntacanatvrd.com\/web\/wp-json\/wp\/v2\/types\/post"}],"author":[{"embeddable":true,"href":"https:\/\/puntacanatvrd.com\/web\/wp-json\/wp\/v2\/users\/1"}],"replies":[{"embeddable":true,"href":"https:\/\/puntacanatvrd.com\/web\/wp-json\/wp\/v2\/comments?post=1195"}],"version-history":[{"count":0,"href":"https:\/\/puntacanatvrd.com\/web\/wp-json\/wp\/v2\/posts\/1195\/revisions"}],"wp:attachment":[{"href":"https:\/\/puntacanatvrd.com\/web\/wp-json\/wp\/v2\/media?parent=1195"}],"wp:term":[{"taxonomy":"category","embeddable":true,"href":"https:\/\/puntacanatvrd.com\/web\/wp-json\/wp\/v2\/categories?post=1195"},{"taxonomy":"post_tag","embeddable":true,"href":"https:\/\/puntacanatvrd.com\/web\/wp-json\/wp\/v2\/tags?post=1195"}],"curies":[{"name":"wp","href":"https:\/\/api.w.org\/{rel}","templated":true}]}}