{"id":1178,"date":"2020-11-25T17:27:04","date_gmt":"2020-11-25T21:27:04","guid":{"rendered":"https:\/\/tvoriental.com\/?p=1178"},"modified":"2020-11-25T17:27:04","modified_gmt":"2020-11-25T21:27:04","slug":"amable-aristy-se-recupera-rodeado-de-su-familia","status":"publish","type":"post","link":"https:\/\/puntacanatvrd.com\/web\/amable-aristy-se-recupera-rodeado-de-su-familia\/","title":{"rendered":"Amable Aristy se recupera rodeado de su familia"},"content":{"rendered":"\n<p class=\"has-text-align-justify\">La hija del exsenador de La Altagracia Amable Aristy, Karina Aristy inform\u00f3 este mi\u00e9rcoles que su padre se ha ido recuperando lentamente de su cirug\u00eda en el coraz\u00f3n realizada de emergencia en Estados Unidos.<\/p>\n\n\n\n<p class=\"has-text-align-justify\">\u201cHoy precisamente tenemos cita con su m\u00e9dico, \u00e9l ha ido recuper\u00e1ndose, ser\u00e1 una recuperaci\u00f3n lenta, como le digo a \u00e9l un d\u00eda a la vez, los m\u00e9dicos nos hablaron de cuatro a seis semanas, pero lo m\u00e1s importante es que estamos muy agradecido de Dios en primer lugar, de la Virgen de La Altagracia\u201d, manifest\u00f3 al valorar oraciones de los amigos y allegados.<\/p>\n\n\n\n<p class=\"has-text-align-justify\">Durante una entrevista telef\u00f3nica en El Gobierno de la Ma\u00f1ana, la exalcaldesa de Hig\u00fcey expres\u00f3 entre l\u00e1grimas que los d\u00edas de la intervenci\u00f3n quir\u00fargica de su padre fueron muy dif\u00edciles y que en ese momento le dec\u00eda a su hermano que nunca hab\u00eda tenido tanto miedo de perder a su progenitor.<\/p>\n\n\n\n<p class=\"has-text-align-justify\">\u201cPero Dios una vez m\u00e1s nos demostr\u00f3 su amor, su misericordia y sabemos que aunque ser\u00e1 un poco lenta su recuperaci\u00f3n, pero papi vamos a tenerlo por mucho mucho tiempo\u201d, expres\u00f3.<\/p>\n\n\n\n<p class=\"has-text-align-justify\">Al ser cuestionada sobre el \u00e1nimo de Amable Aristy, se\u00f1al\u00f3 que dentro de su cuadro cl\u00ednico se siente bien y que hay d\u00edas que se siente mejor que otros, pero que el doctor explic\u00f3 que por su procedimiento va a tener d\u00edas que se va a sentir cansado.<\/p>\n\n\n\n<p class=\"has-text-align-justify\">\u201cPero va bien, mi pap\u00e1 es un hombre muy fuerte, de mucha fe, yo creo que sin duda alguna es lo m\u00e1s importante que puede tener un ser humano\u201d, indic\u00f3.<\/p>\n\n\n\n<p class=\"has-text-align-justify\">La exalcaldesa de Hig\u00fcey hizo esas declaraciones luego de detallar que la familia Aristy tom\u00f3 la decisi\u00f3n de llevar a su padre a EE. UU. a realizarle otro cateterismo, pero que como \u00e9l ten\u00eda las arterias muy tapadas no se le pudieron poner los stent y por lo que se le tuvo que hacer un bypass.<\/p>\n\n\n\n<p class=\"has-text-align-justify\">Aristy narr\u00f3 que fue una operaci\u00f3n muy complicada que dur\u00f3 unas cuatro a cinco horas y que a su padre se le tuvo que hacer una transfusi\u00f3n de sangre, pero que se le pudieron destapar las arterias.<\/p>\n","protected":false},"excerpt":{"rendered":"<p>La hija del exsenador de La Altagracia Amable Aristy, Karina Aristy inform\u00f3 este mi\u00e9rcoles que su padre se ha ido recuperando lentamente de su cirug\u00eda en el coraz\u00f3n realizada de&hellip;<\/p>\n","protected":false},"author":1,"featured_media":0,"comment_status":"open","ping_status":"open","sticky":false,"template":"","format":"standard","meta":{"footnotes":""},"categories":[282],"tags":[491],"class_list":["post-1178","post","type-post","status-publish","format-standard","hentry","category-la-altagracia","tag-karina-aristy"],"_links":{"self":[{"href":"https:\/\/puntacanatvrd.com\/web\/wp-json\/wp\/v2\/posts\/1178","targetHints":{"allow":["GET"]}}],"collection":[{"href":"https:\/\/puntacanatvrd.com\/web\/wp-json\/wp\/v2\/posts"}],"about":[{"href":"https:\/\/puntacanatvrd.com\/web\/wp-json\/wp\/v2\/types\/post"}],"author":[{"embeddable":true,"href":"https:\/\/puntacanatvrd.com\/web\/wp-json\/wp\/v2\/users\/1"}],"replies":[{"embeddable":true,"href":"https:\/\/puntacanatvrd.com\/web\/wp-json\/wp\/v2\/comments?post=1178"}],"version-history":[{"count":0,"href":"https:\/\/puntacanatvrd.com\/web\/wp-json\/wp\/v2\/posts\/1178\/revisions"}],"wp:attachment":[{"href":"https:\/\/puntacanatvrd.com\/web\/wp-json\/wp\/v2\/media?parent=1178"}],"wp:term":[{"taxonomy":"category","embeddable":true,"href":"https:\/\/puntacanatvrd.com\/web\/wp-json\/wp\/v2\/categories?post=1178"},{"taxonomy":"post_tag","embeddable":true,"href":"https:\/\/puntacanatvrd.com\/web\/wp-json\/wp\/v2\/tags?post=1178"}],"curies":[{"name":"wp","href":"https:\/\/api.w.org\/{rel}","templated":true}]}}