{"id":1127,"date":"2020-11-23T14:54:34","date_gmt":"2020-11-23T18:54:34","guid":{"rendered":"https:\/\/tvoriental.com\/?p=1127"},"modified":"2020-11-23T14:54:34","modified_gmt":"2020-11-23T18:54:34","slug":"karina-aristy-hoy-mi-papa-camino-tomo-sol-y-desayuno","status":"publish","type":"post","link":"https:\/\/puntacanatvrd.com\/web\/karina-aristy-hoy-mi-papa-camino-tomo-sol-y-desayuno\/","title":{"rendered":"Karina Aristy \"Hoy mi pap\u00e1 camin\u00f3, tom\u00f3 sol y desayun\u00f3\""},"content":{"rendered":"\n<p class=\"has-text-align-justify\"><strong>Hig\u00fcey<\/strong>.-. Desde el pasado s\u00e1bado el ex senador de La Altagracia Amable Aristy Castro se encuentra recuper\u00e1ndose en su apartamento en Miami, tras recibir el alta m\u00e9dica, luego de ser sometido de urgencia a un procedimiento en el coraz\u00f3n.<\/p>\n\n\n\n<p class=\"has-text-align-justify\">En una llamada al programa Usted y el Pueblo en el canal M\u00eda TV, Karina Aristy, hija del ex congresista explic\u00f3 que los doctores determinaron que era m\u00e1s seguro para \u00e9l estar en la casa, por el tema del COVID 19.<\/p>\n\n\n\n<p class=\"has-text-align-justify\">\"Sabemos como nos dijeron los doctores que su recuperaci\u00f3n ser\u00e1 lenta, porque se le hizo un procedimiento en donde le cortaron dos arterias y el d\u00eda anterior intentaron realizarle un cateterismo\" dijo.<\/p>\n\n\n\n<p class=\"has-text-align-justify\">Amable Aristy est\u00e1 estable, aunque adolorido coment\u00f3 Karina Aristy, quien inform\u00f3 que a su progenitor le prohibieron el uso del celular y las visitas.<\/p>\n\n\n\n<p class=\"has-text-align-justify\">Agradeci\u00f3 a todos los que les han escrito y llamado para sabe de la salud de su padre y se comprometi\u00f3 a responderle en el momento oportuno a todos.<\/p>\n\n\n\n<p class=\"has-text-align-justify\">Adelanto que el pr\u00f3ximo mi\u00e9rcoles Amable Aristy tiene una cita en el m\u00e9dico y que a partir de entonces pueden saber cu\u00e1ndo puede recibir visitas.<\/p>\n","protected":false},"excerpt":{"rendered":"<p>Hig\u00fcey.-. Desde el pasado s\u00e1bado el ex senador de La Altagracia Amable Aristy Castro se encuentra recuper\u00e1ndose en su apartamento en Miami, tras recibir el alta m\u00e9dica, luego de ser&hellip;<\/p>\n","protected":false},"author":1,"featured_media":0,"comment_status":"open","ping_status":"open","sticky":false,"template":"","format":"standard","meta":{"footnotes":""},"categories":[282,329],"tags":[491],"class_list":["post-1127","post","type-post","status-publish","format-standard","hentry","category-la-altagracia","category-politica","tag-karina-aristy"],"_links":{"self":[{"href":"https:\/\/puntacanatvrd.com\/web\/wp-json\/wp\/v2\/posts\/1127","targetHints":{"allow":["GET"]}}],"collection":[{"href":"https:\/\/puntacanatvrd.com\/web\/wp-json\/wp\/v2\/posts"}],"about":[{"href":"https:\/\/puntacanatvrd.com\/web\/wp-json\/wp\/v2\/types\/post"}],"author":[{"embeddable":true,"href":"https:\/\/puntacanatvrd.com\/web\/wp-json\/wp\/v2\/users\/1"}],"replies":[{"embeddable":true,"href":"https:\/\/puntacanatvrd.com\/web\/wp-json\/wp\/v2\/comments?post=1127"}],"version-history":[{"count":0,"href":"https:\/\/puntacanatvrd.com\/web\/wp-json\/wp\/v2\/posts\/1127\/revisions"}],"wp:attachment":[{"href":"https:\/\/puntacanatvrd.com\/web\/wp-json\/wp\/v2\/media?parent=1127"}],"wp:term":[{"taxonomy":"category","embeddable":true,"href":"https:\/\/puntacanatvrd.com\/web\/wp-json\/wp\/v2\/categories?post=1127"},{"taxonomy":"post_tag","embeddable":true,"href":"https:\/\/puntacanatvrd.com\/web\/wp-json\/wp\/v2\/tags?post=1127"}],"curies":[{"name":"wp","href":"https:\/\/api.w.org\/{rel}","templated":true}]}}